{"id":11801,"date":"2023-01-12T18:03:19","date_gmt":"2023-01-12T17:03:19","guid":{"rendered":"https:\/\/www.akustikforschung.de\/?p=11801"},"modified":"2023-01-12T18:03:19","modified_gmt":"2023-01-12T17:03:19","slug":"messung-der-akustischen-wirksamkeit-von-vegetation-neben-bundesfernstrassen","status":"publish","type":"post","link":"https:\/\/www.akustikforschung.de\/en\/unternehmen\/veroffentlichungen\/messung-der-akustischen-wirksamkeit-von-vegetation-neben-bundesfernstrassen\/","title":{"rendered":"Measurement of acoustic effectiveness of vegetation next to federal highways"},"content":{"rendered":"<p>C. Schulze, P. Lindner, J. H\u00fcbelt etc.:<em> Measurement of acoustic effectiveness of vegetation next to federal highways. <\/em>DAGA 2021, Wien, August 2021<\/p>","protected":false},"excerpt":{"rendered":"<p>C. Schulze, P. Lindner, J. H\u00fcbelt etc.: Measurement of acoustic effectiveness of vegetation next to federal highways. DAGA 2021, Wien, [&hellip;]<\/p>\n","protected":false},"author":2,"featured_media":0,"comment_status":"open","ping_status":"open","sticky":false,"template":"","format":"standard","meta":{"footnotes":""},"categories":[18],"tags":[570,181,47,394,613,652],"class_list":["post-11801","post","type-post","status-publish","format-standard","hentry","category-veroffentlichungen","tag-akustische-wirksamkeit","tag-einfugungsdampfung","tag-messung","tag-schalldampfung","tag-vegetation","tag-wald","no-content-parts"],"yoast_head":"<!-- This site is optimized with the Yoast SEO plugin v26.9 - https:\/\/yoast.com\/product\/yoast-seo-wordpress\/ -->\n<title>Wirksamkeit von Vegetation<\/title>\n<meta name=\"description\" content=\"Messung der akustischen Wirksamkeit von Vegetation neben Bundesfernstra\u00dfen, Messung Schalld\u00e4mpfung Wald, Einf\u00fcgungsd\u00e4mpfung\" \/>\n<meta name=\"robots\" content=\"index, follow, max-snippet:-1, max-image-preview:large, max-video-preview:-1\" \/>\n<link rel=\"canonical\" href=\"https:\/\/www.akustikforschung.de\/unternehmen\/veroffentlichungen\/messung-der-akustischen-wirksamkeit-von-vegetation-neben-bundesfernstrassen\/\" \/>\n<meta property=\"og:locale\" content=\"en_US\" \/>\n<meta property=\"og:type\" content=\"article\" \/>\n<meta property=\"og:title\" content=\"Wirksamkeit von Vegetation\" \/>\n<meta property=\"og:description\" content=\"Messung der akustischen Wirksamkeit von Vegetation neben Bundesfernstra\u00dfen, Messung Schalld\u00e4mpfung Wald, Einf\u00fcgungsd\u00e4mpfung\" \/>\n<meta property=\"og:url\" content=\"https:\/\/www.akustikforschung.de\/unternehmen\/veroffentlichungen\/messung-der-akustischen-wirksamkeit-von-vegetation-neben-bundesfernstrassen\/\" \/>\n<meta property=\"og:site_name\" content=\"Gesellschaft f\u00fcr Akustikforschung Dresden mbH\" \/>\n<meta property=\"article:published_time\" content=\"2023-01-12T17:03:19+00:00\" \/>\n<meta name=\"author\" content=\"schulze\" \/>\n<meta name=\"twitter:label1\" content=\"Written by\" \/>\n\t<meta name=\"twitter:data1\" content=\"schulze\" \/>\n<script type=\"application\/ld+json\" class=\"yoast-schema-graph\">{\"@context\":\"https:\/\/schema.org\",\"@graph\":[{\"@type\":\"Article\",\"@id\":\"https:\/\/www.akustikforschung.de\/unternehmen\/veroffentlichungen\/messung-der-akustischen-wirksamkeit-von-vegetation-neben-bundesfernstrassen\/#article\",\"isPartOf\":{\"@id\":\"https:\/\/www.akustikforschung.de\/unternehmen\/veroffentlichungen\/messung-der-akustischen-wirksamkeit-von-vegetation-neben-bundesfernstrassen\/\"},\"author\":{\"name\":\"schulze\",\"@id\":\"https:\/\/www.akustikforschung.de\/#\/schema\/person\/7e29605eb1dbc973ce95e26bf68a3221\"},\"headline\":\"Measurement of acoustic effectiveness of vegetation next to federal highways\",\"datePublished\":\"2023-01-12T17:03:19+00:00\",\"mainEntityOfPage\":{\"@id\":\"https:\/\/www.akustikforschung.de\/unternehmen\/veroffentlichungen\/messung-der-akustischen-wirksamkeit-von-vegetation-neben-bundesfernstrassen\/\"},\"wordCount\":64,\"commentCount\":0,\"keywords\":[\"akustische Wirksamkeit\",\"insertion loss\",\"measurement\",\"transmission loss\",\"Vegetation\",\"Wald\"],\"articleSection\":[\"Publications\"],\"inLanguage\":\"en-US\",\"potentialAction\":[{\"@type\":\"CommentAction\",\"name\":\"Comment\",\"target\":[\"https:\/\/www.akustikforschung.de\/unternehmen\/veroffentlichungen\/messung-der-akustischen-wirksamkeit-von-vegetation-neben-bundesfernstrassen\/#respond\"]}]},{\"@type\":\"WebPage\",\"@id\":\"https:\/\/www.akustikforschung.de\/unternehmen\/veroffentlichungen\/messung-der-akustischen-wirksamkeit-von-vegetation-neben-bundesfernstrassen\/\",\"url\":\"https:\/\/www.akustikforschung.de\/unternehmen\/veroffentlichungen\/messung-der-akustischen-wirksamkeit-von-vegetation-neben-bundesfernstrassen\/\",\"name\":\"Wirksamkeit von Vegetation\",\"isPartOf\":{\"@id\":\"https:\/\/www.akustikforschung.de\/#website\"},\"datePublished\":\"2023-01-12T17:03:19+00:00\",\"author\":{\"@id\":\"https:\/\/www.akustikforschung.de\/#\/schema\/person\/7e29605eb1dbc973ce95e26bf68a3221\"},\"description\":\"Messung der akustischen Wirksamkeit von Vegetation neben Bundesfernstra\u00dfen, Messung Schalld\u00e4mpfung Wald, Einf\u00fcgungsd\u00e4mpfung\",\"breadcrumb\":{\"@id\":\"https:\/\/www.akustikforschung.de\/unternehmen\/veroffentlichungen\/messung-der-akustischen-wirksamkeit-von-vegetation-neben-bundesfernstrassen\/#breadcrumb\"},\"inLanguage\":\"en-US\",\"potentialAction\":[{\"@type\":\"ReadAction\",\"target\":[\"https:\/\/www.akustikforschung.de\/unternehmen\/veroffentlichungen\/messung-der-akustischen-wirksamkeit-von-vegetation-neben-bundesfernstrassen\/\"]}]},{\"@type\":\"BreadcrumbList\",\"@id\":\"https:\/\/www.akustikforschung.de\/unternehmen\/veroffentlichungen\/messung-der-akustischen-wirksamkeit-von-vegetation-neben-bundesfernstrassen\/#breadcrumb\",\"itemListElement\":[{\"@type\":\"ListItem\",\"position\":1,\"name\":\"Home\",\"item\":\"https:\/\/www.akustikforschung.de\/\"},{\"@type\":\"ListItem\",\"position\":2,\"name\":\"Messung der akustischen Wirksamkeit von Vegetation neben Bundesfernstra\u00dfen\"}]},{\"@type\":\"WebSite\",\"@id\":\"https:\/\/www.akustikforschung.de\/#website\",\"url\":\"https:\/\/www.akustikforschung.de\/\",\"name\":\"Gesellschaft f\u00fcr Akustikforschung Dresden mbH\",\"description\":\"Research &amp; Development - Test - Consultancy\",\"potentialAction\":[{\"@type\":\"SearchAction\",\"target\":{\"@type\":\"EntryPoint\",\"urlTemplate\":\"https:\/\/www.akustikforschung.de\/?s={search_term_string}\"},\"query-input\":{\"@type\":\"PropertyValueSpecification\",\"valueRequired\":true,\"valueName\":\"search_term_string\"}}],\"inLanguage\":\"en-US\"},{\"@type\":\"Person\",\"@id\":\"https:\/\/www.akustikforschung.de\/#\/schema\/person\/7e29605eb1dbc973ce95e26bf68a3221\",\"name\":\"schulze\",\"image\":{\"@type\":\"ImageObject\",\"inLanguage\":\"en-US\",\"@id\":\"https:\/\/www.akustikforschung.de\/#\/schema\/person\/image\/\",\"url\":\"https:\/\/secure.gravatar.com\/avatar\/bdd409e9d04a05bcbb3fe62300803322c5369903065b31760230384d19fc5b3d?s=96&d=mm&r=g\",\"contentUrl\":\"https:\/\/secure.gravatar.com\/avatar\/bdd409e9d04a05bcbb3fe62300803322c5369903065b31760230384d19fc5b3d?s=96&d=mm&r=g\",\"caption\":\"schulze\"},\"url\":\"https:\/\/www.akustikforschung.de\/en\/author\/schulze\/\"}]}<\/script>\n<!-- \/ Yoast SEO plugin. -->","yoast_head_json":{"title":"Wirksamkeit von Vegetation","description":"Messung der akustischen Wirksamkeit von Vegetation neben Bundesfernstra\u00dfen, Messung Schalld\u00e4mpfung Wald, Einf\u00fcgungsd\u00e4mpfung","robots":{"index":"index","follow":"follow","max-snippet":"max-snippet:-1","max-image-preview":"max-image-preview:large","max-video-preview":"max-video-preview:-1"},"canonical":"https:\/\/www.akustikforschung.de\/unternehmen\/veroffentlichungen\/messung-der-akustischen-wirksamkeit-von-vegetation-neben-bundesfernstrassen\/","og_locale":"en_US","og_type":"article","og_title":"Wirksamkeit von Vegetation","og_description":"Messung der akustischen Wirksamkeit von Vegetation neben Bundesfernstra\u00dfen, Messung Schalld\u00e4mpfung Wald, Einf\u00fcgungsd\u00e4mpfung","og_url":"https:\/\/www.akustikforschung.de\/unternehmen\/veroffentlichungen\/messung-der-akustischen-wirksamkeit-von-vegetation-neben-bundesfernstrassen\/","og_site_name":"Gesellschaft f\u00fcr Akustikforschung Dresden mbH","article_published_time":"2023-01-12T17:03:19+00:00","author":"schulze","twitter_misc":{"Written by":"schulze"},"schema":{"@context":"https:\/\/schema.org","@graph":[{"@type":"Article","@id":"https:\/\/www.akustikforschung.de\/unternehmen\/veroffentlichungen\/messung-der-akustischen-wirksamkeit-von-vegetation-neben-bundesfernstrassen\/#article","isPartOf":{"@id":"https:\/\/www.akustikforschung.de\/unternehmen\/veroffentlichungen\/messung-der-akustischen-wirksamkeit-von-vegetation-neben-bundesfernstrassen\/"},"author":{"name":"schulze","@id":"https:\/\/www.akustikforschung.de\/#\/schema\/person\/7e29605eb1dbc973ce95e26bf68a3221"},"headline":"Measurement of acoustic effectiveness of vegetation next to federal highways","datePublished":"2023-01-12T17:03:19+00:00","mainEntityOfPage":{"@id":"https:\/\/www.akustikforschung.de\/unternehmen\/veroffentlichungen\/messung-der-akustischen-wirksamkeit-von-vegetation-neben-bundesfernstrassen\/"},"wordCount":64,"commentCount":0,"keywords":["akustische Wirksamkeit","insertion loss","measurement","transmission loss","Vegetation","Wald"],"articleSection":["Publications"],"inLanguage":"en-US","potentialAction":[{"@type":"CommentAction","name":"Comment","target":["https:\/\/www.akustikforschung.de\/unternehmen\/veroffentlichungen\/messung-der-akustischen-wirksamkeit-von-vegetation-neben-bundesfernstrassen\/#respond"]}]},{"@type":"WebPage","@id":"https:\/\/www.akustikforschung.de\/unternehmen\/veroffentlichungen\/messung-der-akustischen-wirksamkeit-von-vegetation-neben-bundesfernstrassen\/","url":"https:\/\/www.akustikforschung.de\/unternehmen\/veroffentlichungen\/messung-der-akustischen-wirksamkeit-von-vegetation-neben-bundesfernstrassen\/","name":"Wirksamkeit von Vegetation","isPartOf":{"@id":"https:\/\/www.akustikforschung.de\/#website"},"datePublished":"2023-01-12T17:03:19+00:00","author":{"@id":"https:\/\/www.akustikforschung.de\/#\/schema\/person\/7e29605eb1dbc973ce95e26bf68a3221"},"description":"Messung der akustischen Wirksamkeit von Vegetation neben Bundesfernstra\u00dfen, Messung Schalld\u00e4mpfung Wald, Einf\u00fcgungsd\u00e4mpfung","breadcrumb":{"@id":"https:\/\/www.akustikforschung.de\/unternehmen\/veroffentlichungen\/messung-der-akustischen-wirksamkeit-von-vegetation-neben-bundesfernstrassen\/#breadcrumb"},"inLanguage":"en-US","potentialAction":[{"@type":"ReadAction","target":["https:\/\/www.akustikforschung.de\/unternehmen\/veroffentlichungen\/messung-der-akustischen-wirksamkeit-von-vegetation-neben-bundesfernstrassen\/"]}]},{"@type":"BreadcrumbList","@id":"https:\/\/www.akustikforschung.de\/unternehmen\/veroffentlichungen\/messung-der-akustischen-wirksamkeit-von-vegetation-neben-bundesfernstrassen\/#breadcrumb","itemListElement":[{"@type":"ListItem","position":1,"name":"Home","item":"https:\/\/www.akustikforschung.de\/"},{"@type":"ListItem","position":2,"name":"Messung der akustischen Wirksamkeit von Vegetation neben Bundesfernstra\u00dfen"}]},{"@type":"WebSite","@id":"https:\/\/www.akustikforschung.de\/#website","url":"https:\/\/www.akustikforschung.de\/","name":"Gesellschaft f\u00fcr Akustikforschung Dresden mbH","description":"Research &amp; Development - Test - Consultancy","potentialAction":[{"@type":"SearchAction","target":{"@type":"EntryPoint","urlTemplate":"https:\/\/www.akustikforschung.de\/?s={search_term_string}"},"query-input":{"@type":"PropertyValueSpecification","valueRequired":true,"valueName":"search_term_string"}}],"inLanguage":"en-US"},{"@type":"Person","@id":"https:\/\/www.akustikforschung.de\/#\/schema\/person\/7e29605eb1dbc973ce95e26bf68a3221","name":"schulze","image":{"@type":"ImageObject","inLanguage":"en-US","@id":"https:\/\/www.akustikforschung.de\/#\/schema\/person\/image\/","url":"https:\/\/secure.gravatar.com\/avatar\/bdd409e9d04a05bcbb3fe62300803322c5369903065b31760230384d19fc5b3d?s=96&d=mm&r=g","contentUrl":"https:\/\/secure.gravatar.com\/avatar\/bdd409e9d04a05bcbb3fe62300803322c5369903065b31760230384d19fc5b3d?s=96&d=mm&r=g","caption":"schulze"},"url":"https:\/\/www.akustikforschung.de\/en\/author\/schulze\/"}]}},"_links":{"self":[{"href":"https:\/\/www.akustikforschung.de\/en\/wp-json\/wp\/v2\/posts\/11801","targetHints":{"allow":["GET"]}}],"collection":[{"href":"https:\/\/www.akustikforschung.de\/en\/wp-json\/wp\/v2\/posts"}],"about":[{"href":"https:\/\/www.akustikforschung.de\/en\/wp-json\/wp\/v2\/types\/post"}],"author":[{"embeddable":true,"href":"https:\/\/www.akustikforschung.de\/en\/wp-json\/wp\/v2\/users\/2"}],"replies":[{"embeddable":true,"href":"https:\/\/www.akustikforschung.de\/en\/wp-json\/wp\/v2\/comments?post=11801"}],"version-history":[{"count":1,"href":"https:\/\/www.akustikforschung.de\/en\/wp-json\/wp\/v2\/posts\/11801\/revisions"}],"predecessor-version":[{"id":11802,"href":"https:\/\/www.akustikforschung.de\/en\/wp-json\/wp\/v2\/posts\/11801\/revisions\/11802"}],"wp:attachment":[{"href":"https:\/\/www.akustikforschung.de\/en\/wp-json\/wp\/v2\/media?parent=11801"}],"wp:term":[{"taxonomy":"category","embeddable":true,"href":"https:\/\/www.akustikforschung.de\/en\/wp-json\/wp\/v2\/categories?post=11801"},{"taxonomy":"post_tag","embeddable":true,"href":"https:\/\/www.akustikforschung.de\/en\/wp-json\/wp\/v2\/tags?post=11801"}],"curies":[{"name":"wp","href":"https:\/\/api.w.org\/{rel}","templated":true}]}}