{"id":11874,"date":"2023-05-07T17:23:27","date_gmt":"2023-05-07T15:23:27","guid":{"rendered":"https:\/\/www.akustikforschung.de\/?p=11874"},"modified":"2023-05-17T19:17:27","modified_gmt":"2023-05-17T17:17:27","slug":"technischer-laermschutz-auflage-3-publikation-erfolgt","status":"publish","type":"post","link":"https:\/\/www.akustikforschung.de\/en\/unternehmen\/nachrichten\/technischer-laermschutz-auflage-3-publikation-erfolgt\/","title":{"rendered":"Technical Noise Protection &#8211; Edition 3 &#8211; Publication successful"},"content":{"rendered":"<p><a href=\"https:\/\/www.akustikforschung.de\/wp-content\/uploads\/2023\/05\/technischer-laermschutz_auflage3.jpg\" rel=\"gallery\"><img loading=\"lazy\" decoding=\"async\" class=\"gallery alignright wp-image-11873 size-medium\" src=\"https:\/\/www.akustikforschung.de\/wp-content\/uploads\/2023\/05\/technischer-laermschutz_auflage3-300x379.jpg\" alt=\"Technical Noise Protection - Practical Methods for Reduction of Noise and Vibrations\" width=\"300\" height=\"379\" srcset=\"https:\/\/www.akustikforschung.de\/wp-content\/uploads\/2023\/05\/technischer-laermschutz_auflage3-300x379.jpg 300w, https:\/\/www.akustikforschung.de\/wp-content\/uploads\/2023\/05\/technischer-laermschutz_auflage3-640x809.jpg 640w, https:\/\/www.akustikforschung.de\/wp-content\/uploads\/2023\/05\/technischer-laermschutz_auflage3-768x971.jpg 768w, https:\/\/www.akustikforschung.de\/wp-content\/uploads\/2023\/05\/technischer-laermschutz_auflage3.jpg 1022w\" sizes=\"auto, (max-width: 300px) 100vw, 300px\" \/><\/a><\/p>\n<p>We are glad to announce that the electronic edition of the book <a href=\"https:\/\/link.springer.com\/book\/10.1007\/978-3-662-65668-6\">&#8220;Technical Noise Protection &#8211; Practical Methods for Reduction of Noise and Vibrations&#8221;<\/a> was successfully published.<\/p>\n<h2>Content<\/h2>\n<p>This technical book deals with the technical noise protection as well as the protection against vibrations connected closely. It contains physical explainations, methods for design, measurement and evaluation as well as many quotes of literature and standards and features numerous figures and tables. The presentation orientates at compact advances trainings for engineers.<\/p>\n<p>For this new edition, the technical book &#8211; last time released in 2006 &#8211; was extensively updated, especially in the areas of testing methods and the <a href=\"https:\/\/www.akustikforschung.de\/leistungen\/maschinenakustik\/schalldampfer\/auslegung-von-schalldaempfer\/\">acoustic design of silencers and mufflers<\/a>*, in which the original conception was kept the same. It is suitable for the dayly work of engineers as well as for study and individual extension of knowledge.<\/p>\n<h2>Editors<\/h2>\n<p><strong>Werner Schirmer<\/strong> studied electrical engineering from 1951 at the Technical University Dresden. He was assistent of Prof. Reichardt at the local Institute for Technical Acoustics. From 1964 he acted as industrial head of the department of defense against noise and vibrations at VEB Schwingungstechnik und Akustik Dresden. In 1971 latter one became research department of the Central Institute of Industrial Safety, later Federal Institute of Industrial Safety, both Dresden. During this time the first edition of the book Noise Control, from 1996 Technical Noise Protection, was published. Furthermore, Werner Schirmer worked for 10 years as a lecturer for the postgradual studies Noise Protection at the University of Technology Dresden. Since 1993 Consulting Engineer, focuses machinery and architectural acoustics, protection of machines and devices against vibrations in the companies K\u00f6tter Beratende Ingenieure GmbH and Schirmer Beratende Ingenieure GmbH, both Dresden, since 2011 as Senior Consultant.<\/p>\n<p><strong>J\u00f6rn H\u00fcbelt<\/strong> studied at the University of Technology Dresden in the discipline electrical engineering with the specialization technical acoustics and received a doctor&#8217;s degree at the Institute of Acoustics and Speech Communication of the University of Technology about the topic: &#8220;Sound fields above open porous road pavements&#8221;. In the year 2002 he founded the Gesellschaft f\u00fcr Akustikforschung Dresden mbH. The field of work of the company can be summarized by the term &#8220;Engineering Acoustics&#8221; in the field of mechanical und vehicle engineering as well as structural engineering with focuses on sound absorbers as well as mufflers and silencers. In 2007  J\u00f6rn H\u00fcbelt was appointed professor for the field of teaching technical mechanics and acoustics at the University for Apllied Sciences Mittweida.<\/p>\n<p>*The chapter \u201eMuffler and Silencers\u201c was revised amongst others by the directing manager of the Gesellschaft f\u00fcr Akustikforschung Dresden mbH Mr. <strong>Mirko Ruhnau<\/strong>.<\/p>\n<h2>Bibliography<\/h2>\n<p><strong>Title:<\/strong> Technical Noise Protection &#8211; Practical Methods for Reduction of Noise and Vibrations<\/p>\n<p><strong>Publisher:<\/strong> Springer-Verlag GmbH Deutschland, a part of Springer Nature 2023<\/p>\n<ul>\n<li>Hardcover: ISBN: 978-3-662-65667-9, published: May, 6th 2023<\/li>\n<li>eBook: ISBN: 978-3-662-65668-6, published: May, 5th 2023<\/li>\n<li>Edition: 3<\/li>\n<li>Number of pages: XXVII, 646<\/li>\n<\/ul>\n<p><\/p>","protected":false},"excerpt":{"rendered":"<p>We are glad to announce that the electronic edition of the book &#8220;Technical Noise Protection &#8211; Practical Methods for Reduction [&hellip;]<\/p>\n","protected":false},"author":2,"featured_media":11873,"comment_status":"open","ping_status":"open","sticky":false,"template":"","format":"standard","meta":{"footnotes":""},"categories":[7],"tags":[85,501,86,168,692],"class_list":["post-11874","post","type-post","status-publish","format-standard","has-post-thumbnail","hentry","category-nachrichten","tag-auslegung","tag-larmminderung","tag-schallabsorber","tag-schalldampfer","tag-technischer-laermschutz","no-content-parts"],"yoast_head":"<!-- This site is optimized with the Yoast SEO plugin v26.9 - https:\/\/yoast.com\/product\/yoast-seo-wordpress\/ -->\n<title>technischer-laermschutz-auflage-3-publikation-erfolgt<\/title>\n<meta name=\"description\" content=\"Technischer L\u00e4rmschutz, Auslegung von Ma\u00dfnahmen zur L\u00e4rmminderung, Schalld\u00e4mpfer, Schallabsorber, Schallschutzkapsel\" \/>\n<meta name=\"robots\" content=\"index, follow, max-snippet:-1, max-image-preview:large, max-video-preview:-1\" \/>\n<link rel=\"canonical\" href=\"https:\/\/www.akustikforschung.de\/unternehmen\/nachrichten\/technischer-laermschutz-auflage-3-publikation-erfolgt\/\" \/>\n<meta property=\"og:locale\" content=\"en_US\" \/>\n<meta property=\"og:type\" content=\"article\" \/>\n<meta property=\"og:title\" content=\"technischer-laermschutz-auflage-3-publikation-erfolgt\" \/>\n<meta property=\"og:description\" content=\"Technischer L\u00e4rmschutz, Auslegung von Ma\u00dfnahmen zur L\u00e4rmminderung, Schalld\u00e4mpfer, Schallabsorber, Schallschutzkapsel\" \/>\n<meta property=\"og:url\" content=\"https:\/\/www.akustikforschung.de\/unternehmen\/nachrichten\/technischer-laermschutz-auflage-3-publikation-erfolgt\/\" \/>\n<meta property=\"og:site_name\" content=\"Gesellschaft f\u00fcr Akustikforschung Dresden mbH\" \/>\n<meta property=\"article:published_time\" content=\"2023-05-07T15:23:27+00:00\" \/>\n<meta property=\"article:modified_time\" content=\"2023-05-17T17:17:27+00:00\" \/>\n<meta property=\"og:image\" content=\"https:\/\/www.akustikforschung.de\/wp-content\/uploads\/2023\/05\/technischer-laermschutz_auflage3.jpg\" \/>\n\t<meta property=\"og:image:width\" content=\"1022\" \/>\n\t<meta property=\"og:image:height\" content=\"1292\" \/>\n\t<meta property=\"og:image:type\" content=\"image\/jpeg\" \/>\n<meta name=\"author\" content=\"schulze\" \/>\n<meta name=\"twitter:label1\" content=\"Written by\" \/>\n\t<meta name=\"twitter:data1\" content=\"schulze\" \/>\n\t<meta name=\"twitter:label2\" content=\"Est. reading time\" \/>\n\t<meta name=\"twitter:data2\" content=\"6 minutes\" \/>\n<script type=\"application\/ld+json\" class=\"yoast-schema-graph\">{\"@context\":\"https:\/\/schema.org\",\"@graph\":[{\"@type\":\"Article\",\"@id\":\"https:\/\/www.akustikforschung.de\/unternehmen\/nachrichten\/technischer-laermschutz-auflage-3-publikation-erfolgt\/#article\",\"isPartOf\":{\"@id\":\"https:\/\/www.akustikforschung.de\/unternehmen\/nachrichten\/technischer-laermschutz-auflage-3-publikation-erfolgt\/\"},\"author\":{\"name\":\"schulze\",\"@id\":\"https:\/\/www.akustikforschung.de\/#\/schema\/person\/7e29605eb1dbc973ce95e26bf68a3221\"},\"headline\":\"Technical Noise Protection &#8211; Edition 3 &#8211; Publication successful\",\"datePublished\":\"2023-05-07T15:23:27+00:00\",\"dateModified\":\"2023-05-17T17:17:27+00:00\",\"mainEntityOfPage\":{\"@id\":\"https:\/\/www.akustikforschung.de\/unternehmen\/nachrichten\/technischer-laermschutz-auflage-3-publikation-erfolgt\/\"},\"wordCount\":909,\"commentCount\":0,\"image\":{\"@id\":\"https:\/\/www.akustikforschung.de\/unternehmen\/nachrichten\/technischer-laermschutz-auflage-3-publikation-erfolgt\/#primaryimage\"},\"thumbnailUrl\":\"https:\/\/www.akustikforschung.de\/wp-content\/uploads\/2023\/05\/technischer-laermschutz_auflage3.jpg\",\"keywords\":[\"design\",\"noise reduction\",\"sound absorber\",\"Muffler\",\"Technischer L\u00e4rmschutz\"],\"articleSection\":[\"News\"],\"inLanguage\":\"en-US\",\"potentialAction\":[{\"@type\":\"CommentAction\",\"name\":\"Comment\",\"target\":[\"https:\/\/www.akustikforschung.de\/unternehmen\/nachrichten\/technischer-laermschutz-auflage-3-publikation-erfolgt\/#respond\"]}]},{\"@type\":\"WebPage\",\"@id\":\"https:\/\/www.akustikforschung.de\/unternehmen\/nachrichten\/technischer-laermschutz-auflage-3-publikation-erfolgt\/\",\"url\":\"https:\/\/www.akustikforschung.de\/unternehmen\/nachrichten\/technischer-laermschutz-auflage-3-publikation-erfolgt\/\",\"name\":\"technischer-laermschutz-auflage-3-publikation-erfolgt\",\"isPartOf\":{\"@id\":\"https:\/\/www.akustikforschung.de\/#website\"},\"primaryImageOfPage\":{\"@id\":\"https:\/\/www.akustikforschung.de\/unternehmen\/nachrichten\/technischer-laermschutz-auflage-3-publikation-erfolgt\/#primaryimage\"},\"image\":{\"@id\":\"https:\/\/www.akustikforschung.de\/unternehmen\/nachrichten\/technischer-laermschutz-auflage-3-publikation-erfolgt\/#primaryimage\"},\"thumbnailUrl\":\"https:\/\/www.akustikforschung.de\/wp-content\/uploads\/2023\/05\/technischer-laermschutz_auflage3.jpg\",\"datePublished\":\"2023-05-07T15:23:27+00:00\",\"dateModified\":\"2023-05-17T17:17:27+00:00\",\"author\":{\"@id\":\"https:\/\/www.akustikforschung.de\/#\/schema\/person\/7e29605eb1dbc973ce95e26bf68a3221\"},\"description\":\"Technischer L\u00e4rmschutz, Auslegung von Ma\u00dfnahmen zur L\u00e4rmminderung, Schalld\u00e4mpfer, Schallabsorber, Schallschutzkapsel\",\"breadcrumb\":{\"@id\":\"https:\/\/www.akustikforschung.de\/unternehmen\/nachrichten\/technischer-laermschutz-auflage-3-publikation-erfolgt\/#breadcrumb\"},\"inLanguage\":\"en-US\",\"potentialAction\":[{\"@type\":\"ReadAction\",\"target\":[\"https:\/\/www.akustikforschung.de\/unternehmen\/nachrichten\/technischer-laermschutz-auflage-3-publikation-erfolgt\/\"]}]},{\"@type\":\"ImageObject\",\"inLanguage\":\"en-US\",\"@id\":\"https:\/\/www.akustikforschung.de\/unternehmen\/nachrichten\/technischer-laermschutz-auflage-3-publikation-erfolgt\/#primaryimage\",\"url\":\"https:\/\/www.akustikforschung.de\/wp-content\/uploads\/2023\/05\/technischer-laermschutz_auflage3.jpg\",\"contentUrl\":\"https:\/\/www.akustikforschung.de\/wp-content\/uploads\/2023\/05\/technischer-laermschutz_auflage3.jpg\",\"width\":1022,\"height\":1292,\"caption\":\"Technischer L\u00e4rmschutz - Praktische Methoden zur Minderung von L\u00e4rm und Schwingungen\"},{\"@type\":\"BreadcrumbList\",\"@id\":\"https:\/\/www.akustikforschung.de\/unternehmen\/nachrichten\/technischer-laermschutz-auflage-3-publikation-erfolgt\/#breadcrumb\",\"itemListElement\":[{\"@type\":\"ListItem\",\"position\":1,\"name\":\"Home\",\"item\":\"https:\/\/www.akustikforschung.de\/\"},{\"@type\":\"ListItem\",\"position\":2,\"name\":\"Technischer L\u00e4rmschutz &#8211; Auflage 3 &#8211; Publikation erfolgt\"}]},{\"@type\":\"WebSite\",\"@id\":\"https:\/\/www.akustikforschung.de\/#website\",\"url\":\"https:\/\/www.akustikforschung.de\/\",\"name\":\"Gesellschaft f\u00fcr Akustikforschung Dresden mbH\",\"description\":\"Research &amp; Development - Test - Consultancy\",\"potentialAction\":[{\"@type\":\"SearchAction\",\"target\":{\"@type\":\"EntryPoint\",\"urlTemplate\":\"https:\/\/www.akustikforschung.de\/?s={search_term_string}\"},\"query-input\":{\"@type\":\"PropertyValueSpecification\",\"valueRequired\":true,\"valueName\":\"search_term_string\"}}],\"inLanguage\":\"en-US\"},{\"@type\":\"Person\",\"@id\":\"https:\/\/www.akustikforschung.de\/#\/schema\/person\/7e29605eb1dbc973ce95e26bf68a3221\",\"name\":\"schulze\",\"image\":{\"@type\":\"ImageObject\",\"inLanguage\":\"en-US\",\"@id\":\"https:\/\/www.akustikforschung.de\/#\/schema\/person\/image\/\",\"url\":\"https:\/\/secure.gravatar.com\/avatar\/bdd409e9d04a05bcbb3fe62300803322c5369903065b31760230384d19fc5b3d?s=96&d=mm&r=g\",\"contentUrl\":\"https:\/\/secure.gravatar.com\/avatar\/bdd409e9d04a05bcbb3fe62300803322c5369903065b31760230384d19fc5b3d?s=96&d=mm&r=g\",\"caption\":\"schulze\"},\"url\":\"https:\/\/www.akustikforschung.de\/en\/author\/schulze\/\"}]}<\/script>\n<!-- \/ Yoast SEO plugin. -->","yoast_head_json":{"title":"technischer-laermschutz-auflage-3-publikation-erfolgt","description":"Technischer L\u00e4rmschutz, Auslegung von Ma\u00dfnahmen zur L\u00e4rmminderung, Schalld\u00e4mpfer, Schallabsorber, Schallschutzkapsel","robots":{"index":"index","follow":"follow","max-snippet":"max-snippet:-1","max-image-preview":"max-image-preview:large","max-video-preview":"max-video-preview:-1"},"canonical":"https:\/\/www.akustikforschung.de\/unternehmen\/nachrichten\/technischer-laermschutz-auflage-3-publikation-erfolgt\/","og_locale":"en_US","og_type":"article","og_title":"technischer-laermschutz-auflage-3-publikation-erfolgt","og_description":"Technischer L\u00e4rmschutz, Auslegung von Ma\u00dfnahmen zur L\u00e4rmminderung, Schalld\u00e4mpfer, Schallabsorber, Schallschutzkapsel","og_url":"https:\/\/www.akustikforschung.de\/unternehmen\/nachrichten\/technischer-laermschutz-auflage-3-publikation-erfolgt\/","og_site_name":"Gesellschaft f\u00fcr Akustikforschung Dresden mbH","article_published_time":"2023-05-07T15:23:27+00:00","article_modified_time":"2023-05-17T17:17:27+00:00","og_image":[{"width":1022,"height":1292,"url":"https:\/\/www.akustikforschung.de\/wp-content\/uploads\/2023\/05\/technischer-laermschutz_auflage3.jpg","type":"image\/jpeg"}],"author":"schulze","twitter_misc":{"Written by":"schulze","Est. reading time":"6 minutes"},"schema":{"@context":"https:\/\/schema.org","@graph":[{"@type":"Article","@id":"https:\/\/www.akustikforschung.de\/unternehmen\/nachrichten\/technischer-laermschutz-auflage-3-publikation-erfolgt\/#article","isPartOf":{"@id":"https:\/\/www.akustikforschung.de\/unternehmen\/nachrichten\/technischer-laermschutz-auflage-3-publikation-erfolgt\/"},"author":{"name":"schulze","@id":"https:\/\/www.akustikforschung.de\/#\/schema\/person\/7e29605eb1dbc973ce95e26bf68a3221"},"headline":"Technical Noise Protection &#8211; Edition 3 &#8211; Publication successful","datePublished":"2023-05-07T15:23:27+00:00","dateModified":"2023-05-17T17:17:27+00:00","mainEntityOfPage":{"@id":"https:\/\/www.akustikforschung.de\/unternehmen\/nachrichten\/technischer-laermschutz-auflage-3-publikation-erfolgt\/"},"wordCount":909,"commentCount":0,"image":{"@id":"https:\/\/www.akustikforschung.de\/unternehmen\/nachrichten\/technischer-laermschutz-auflage-3-publikation-erfolgt\/#primaryimage"},"thumbnailUrl":"https:\/\/www.akustikforschung.de\/wp-content\/uploads\/2023\/05\/technischer-laermschutz_auflage3.jpg","keywords":["design","noise reduction","sound absorber","Muffler","Technischer L\u00e4rmschutz"],"articleSection":["News"],"inLanguage":"en-US","potentialAction":[{"@type":"CommentAction","name":"Comment","target":["https:\/\/www.akustikforschung.de\/unternehmen\/nachrichten\/technischer-laermschutz-auflage-3-publikation-erfolgt\/#respond"]}]},{"@type":"WebPage","@id":"https:\/\/www.akustikforschung.de\/unternehmen\/nachrichten\/technischer-laermschutz-auflage-3-publikation-erfolgt\/","url":"https:\/\/www.akustikforschung.de\/unternehmen\/nachrichten\/technischer-laermschutz-auflage-3-publikation-erfolgt\/","name":"technischer-laermschutz-auflage-3-publikation-erfolgt","isPartOf":{"@id":"https:\/\/www.akustikforschung.de\/#website"},"primaryImageOfPage":{"@id":"https:\/\/www.akustikforschung.de\/unternehmen\/nachrichten\/technischer-laermschutz-auflage-3-publikation-erfolgt\/#primaryimage"},"image":{"@id":"https:\/\/www.akustikforschung.de\/unternehmen\/nachrichten\/technischer-laermschutz-auflage-3-publikation-erfolgt\/#primaryimage"},"thumbnailUrl":"https:\/\/www.akustikforschung.de\/wp-content\/uploads\/2023\/05\/technischer-laermschutz_auflage3.jpg","datePublished":"2023-05-07T15:23:27+00:00","dateModified":"2023-05-17T17:17:27+00:00","author":{"@id":"https:\/\/www.akustikforschung.de\/#\/schema\/person\/7e29605eb1dbc973ce95e26bf68a3221"},"description":"Technischer L\u00e4rmschutz, Auslegung von Ma\u00dfnahmen zur L\u00e4rmminderung, Schalld\u00e4mpfer, Schallabsorber, Schallschutzkapsel","breadcrumb":{"@id":"https:\/\/www.akustikforschung.de\/unternehmen\/nachrichten\/technischer-laermschutz-auflage-3-publikation-erfolgt\/#breadcrumb"},"inLanguage":"en-US","potentialAction":[{"@type":"ReadAction","target":["https:\/\/www.akustikforschung.de\/unternehmen\/nachrichten\/technischer-laermschutz-auflage-3-publikation-erfolgt\/"]}]},{"@type":"ImageObject","inLanguage":"en-US","@id":"https:\/\/www.akustikforschung.de\/unternehmen\/nachrichten\/technischer-laermschutz-auflage-3-publikation-erfolgt\/#primaryimage","url":"https:\/\/www.akustikforschung.de\/wp-content\/uploads\/2023\/05\/technischer-laermschutz_auflage3.jpg","contentUrl":"https:\/\/www.akustikforschung.de\/wp-content\/uploads\/2023\/05\/technischer-laermschutz_auflage3.jpg","width":1022,"height":1292,"caption":"Technischer L\u00e4rmschutz - Praktische Methoden zur Minderung von L\u00e4rm und Schwingungen"},{"@type":"BreadcrumbList","@id":"https:\/\/www.akustikforschung.de\/unternehmen\/nachrichten\/technischer-laermschutz-auflage-3-publikation-erfolgt\/#breadcrumb","itemListElement":[{"@type":"ListItem","position":1,"name":"Home","item":"https:\/\/www.akustikforschung.de\/"},{"@type":"ListItem","position":2,"name":"Technischer L\u00e4rmschutz &#8211; Auflage 3 &#8211; Publikation erfolgt"}]},{"@type":"WebSite","@id":"https:\/\/www.akustikforschung.de\/#website","url":"https:\/\/www.akustikforschung.de\/","name":"Gesellschaft f\u00fcr Akustikforschung Dresden mbH","description":"Research &amp; Development - Test - Consultancy","potentialAction":[{"@type":"SearchAction","target":{"@type":"EntryPoint","urlTemplate":"https:\/\/www.akustikforschung.de\/?s={search_term_string}"},"query-input":{"@type":"PropertyValueSpecification","valueRequired":true,"valueName":"search_term_string"}}],"inLanguage":"en-US"},{"@type":"Person","@id":"https:\/\/www.akustikforschung.de\/#\/schema\/person\/7e29605eb1dbc973ce95e26bf68a3221","name":"schulze","image":{"@type":"ImageObject","inLanguage":"en-US","@id":"https:\/\/www.akustikforschung.de\/#\/schema\/person\/image\/","url":"https:\/\/secure.gravatar.com\/avatar\/bdd409e9d04a05bcbb3fe62300803322c5369903065b31760230384d19fc5b3d?s=96&d=mm&r=g","contentUrl":"https:\/\/secure.gravatar.com\/avatar\/bdd409e9d04a05bcbb3fe62300803322c5369903065b31760230384d19fc5b3d?s=96&d=mm&r=g","caption":"schulze"},"url":"https:\/\/www.akustikforschung.de\/en\/author\/schulze\/"}]}},"_links":{"self":[{"href":"https:\/\/www.akustikforschung.de\/en\/wp-json\/wp\/v2\/posts\/11874","targetHints":{"allow":["GET"]}}],"collection":[{"href":"https:\/\/www.akustikforschung.de\/en\/wp-json\/wp\/v2\/posts"}],"about":[{"href":"https:\/\/www.akustikforschung.de\/en\/wp-json\/wp\/v2\/types\/post"}],"author":[{"embeddable":true,"href":"https:\/\/www.akustikforschung.de\/en\/wp-json\/wp\/v2\/users\/2"}],"replies":[{"embeddable":true,"href":"https:\/\/www.akustikforschung.de\/en\/wp-json\/wp\/v2\/comments?post=11874"}],"version-history":[{"count":18,"href":"https:\/\/www.akustikforschung.de\/en\/wp-json\/wp\/v2\/posts\/11874\/revisions"}],"predecessor-version":[{"id":11892,"href":"https:\/\/www.akustikforschung.de\/en\/wp-json\/wp\/v2\/posts\/11874\/revisions\/11892"}],"wp:featuredmedia":[{"embeddable":true,"href":"https:\/\/www.akustikforschung.de\/en\/wp-json\/wp\/v2\/media\/11873"}],"wp:attachment":[{"href":"https:\/\/www.akustikforschung.de\/en\/wp-json\/wp\/v2\/media?parent=11874"}],"wp:term":[{"taxonomy":"category","embeddable":true,"href":"https:\/\/www.akustikforschung.de\/en\/wp-json\/wp\/v2\/categories?post=11874"},{"taxonomy":"post_tag","embeddable":true,"href":"https:\/\/www.akustikforschung.de\/en\/wp-json\/wp\/v2\/tags?post=11874"}],"curies":[{"name":"wp","href":"https:\/\/api.w.org\/{rel}","templated":true}]}}