{"id":5143,"date":"2013-03-05T09:59:49","date_gmt":"2013-03-05T09:59:49","guid":{"rendered":"https:\/\/www.akustik-forschung.de\/test\/?p=5143"},"modified":"2021-03-17T14:33:43","modified_gmt":"2021-03-17T13:33:43","slug":"geraeuschemission-und-laermminderung-an-luftwasser-waermepumpen","status":"publish","type":"post","link":"https:\/\/www.akustikforschung.de\/en\/unternehmen\/fallstudien\/geraeuschemission-und-laermminderung-an-luftwasser-waermepumpen\/","title":{"rendered":"Noise Emission and Noise Reduction at Air to Water Heat Pumps"},"content":{"rendered":"<p><a href=\"https:\/\/www.akustikforschung.de\/wp-content\/uploads\/2012\/08\/messung_schallleistung_15_ws.jpg\" rel=\"gallery\"><img loading=\"lazy\" decoding=\"async\" class=\"alignright wp-image-4821 size-medium\" src=\"https:\/\/www.akustikforschung.de\/wp-content\/uploads\/2012\/08\/messung_schallleistung_15_ws-300x225.jpg\" alt=\"Noise Emission and Noise Reduction at Air to Water Heat Pumps - Measurement of noise emission of air to water heat pumps in situ\" width=\"300\" height=\"225\" srcset=\"https:\/\/www.akustikforschung.de\/wp-content\/uploads\/2012\/08\/messung_schallleistung_15_ws-300x225.jpg 300w, https:\/\/www.akustikforschung.de\/wp-content\/uploads\/2012\/08\/messung_schallleistung_15_ws-640x480.jpg 640w, https:\/\/www.akustikforschung.de\/wp-content\/uploads\/2012\/08\/messung_schallleistung_15_ws-440x330.jpg 440w, https:\/\/www.akustikforschung.de\/wp-content\/uploads\/2012\/08\/messung_schallleistung_15_ws.jpg 800w\" sizes=\"auto, (max-width: 300px) 100vw, 300px\" \/><\/a><\/p>\n<p>On behalf of the Federal Office for Environment, currently, the Gesellschaft f\u00fcr Akustikforschung Dresden mbH examins methods for noise reduction of air to water heat pumps (LWWP) used for cooling, ventilation and heating of facilities. For this purpose, the Gesellschaft f\u00fcr Akustikforschung Dresden mbH develops a practical method to measure and to evaluate the noise emission of air to water heat pumps in situ. Furthermore, a description of applicable noise protection systems is given. Additionally, a data collection consisting of relevant power and noise parameters of air to water heat pumps is provided.<\/p>\n<p><!--\nAn overview of the project results can be obtained <a href=\"https:\/\/www.umwelt.sachsen.de\/umwelt\/download\/laerm_licht_mobilfunk\/20131127_Huebelt_Laermminderung_LW-Waermepumpen.pdf\" target=\"_blank\" rel=\"noopener\">here<\/a>.\n--><br \/>\nThe full project report is available <a href=\"https:\/\/www.umweltbundesamt.de\/publikationen\/ermittlung-der-geraeuschemissionen-moeglichkeiten\" target=\"_blank\" rel=\"noopener\">here<\/a>.<\/p>","protected":false},"excerpt":{"rendered":"<p>On behalf of the Federal Office for Environment, currently, the Gesellschaft f\u00fcr Akustikforschung Dresden mbH examines methods for noise reduction of air\/water heat pumps.<\/p>\n","protected":false},"author":6,"featured_media":4821,"comment_status":"open","ping_status":"open","sticky":false,"template":"","format":"standard","meta":{"footnotes":""},"categories":[6],"tags":[251,501,605,47,120],"class_list":["post-5143","post","type-post","status-publish","format-standard","has-post-thumbnail","hentry","category-fallstudien","tag-gerauschemission","tag-larmminderung","tag-luft-wasser-waermepumpen","tag-messung","tag-warmepumpe","no-content-parts"],"yoast_head":"<!-- This site is optimized with the Yoast SEO plugin v26.9 - https:\/\/yoast.com\/product\/yoast-seo-wordpress\/ -->\n<title>Ger\u00e4uschemission und L\u00e4rmminderung an Luft-Wasser-W\u00e4rmepumpen<\/title>\n<meta name=\"description\" content=\"W\u00e4rmepumpen, Messung von Ger\u00e4uschemission und Ger\u00e4uschimmission in situ, Auslegung von L\u00e4rmminderungsma\u00dfnahmen, tieffrequente L\u00e4rmbelastung\" \/>\n<meta name=\"robots\" content=\"index, follow, max-snippet:-1, max-image-preview:large, max-video-preview:-1\" \/>\n<link rel=\"canonical\" href=\"https:\/\/www.akustikforschung.de\/unternehmen\/fallstudien\/geraeuschemission-und-laermminderung-an-luftwasser-waermepumpen\/\" \/>\n<meta property=\"og:locale\" content=\"en_US\" \/>\n<meta property=\"og:type\" content=\"article\" \/>\n<meta property=\"og:title\" content=\"Ger\u00e4uschemission und L\u00e4rmminderung an Luft-Wasser-W\u00e4rmepumpen\" \/>\n<meta property=\"og:description\" content=\"W\u00e4rmepumpen, Messung von Ger\u00e4uschemission und Ger\u00e4uschimmission in situ, Auslegung von L\u00e4rmminderungsma\u00dfnahmen, tieffrequente L\u00e4rmbelastung\" \/>\n<meta property=\"og:url\" content=\"https:\/\/www.akustikforschung.de\/unternehmen\/fallstudien\/geraeuschemission-und-laermminderung-an-luftwasser-waermepumpen\/\" \/>\n<meta property=\"og:site_name\" content=\"Gesellschaft f\u00fcr Akustikforschung Dresden mbH\" \/>\n<meta property=\"article:published_time\" content=\"2013-03-05T09:59:49+00:00\" \/>\n<meta property=\"article:modified_time\" content=\"2021-03-17T13:33:43+00:00\" \/>\n<meta property=\"og:image\" content=\"https:\/\/www.akustikforschung.de\/wp-content\/uploads\/2012\/08\/messung_schallleistung_15_ws.jpg\" \/>\n\t<meta property=\"og:image:width\" content=\"800\" \/>\n\t<meta property=\"og:image:height\" content=\"600\" \/>\n\t<meta property=\"og:image:type\" content=\"image\/jpeg\" \/>\n<meta name=\"author\" content=\"Habelt\" \/>\n<meta name=\"twitter:label1\" content=\"Written by\" \/>\n\t<meta name=\"twitter:data1\" content=\"Habelt\" \/>\n\t<meta name=\"twitter:label2\" content=\"Est. reading time\" \/>\n\t<meta name=\"twitter:data2\" content=\"1 minute\" \/>\n<script type=\"application\/ld+json\" class=\"yoast-schema-graph\">{\"@context\":\"https:\/\/schema.org\",\"@graph\":[{\"@type\":\"Article\",\"@id\":\"https:\/\/www.akustikforschung.de\/unternehmen\/fallstudien\/geraeuschemission-und-laermminderung-an-luftwasser-waermepumpen\/#article\",\"isPartOf\":{\"@id\":\"https:\/\/www.akustikforschung.de\/unternehmen\/fallstudien\/geraeuschemission-und-laermminderung-an-luftwasser-waermepumpen\/\"},\"author\":{\"name\":\"Habelt\",\"@id\":\"https:\/\/www.akustikforschung.de\/#\/schema\/person\/6ebcedb9982eae0e4dd5976b75ddb632\"},\"headline\":\"Noise Emission and Noise Reduction at Air to Water Heat Pumps\",\"datePublished\":\"2013-03-05T09:59:49+00:00\",\"dateModified\":\"2021-03-17T13:33:43+00:00\",\"mainEntityOfPage\":{\"@id\":\"https:\/\/www.akustikforschung.de\/unternehmen\/fallstudien\/geraeuschemission-und-laermminderung-an-luftwasser-waermepumpen\/\"},\"wordCount\":217,\"commentCount\":0,\"image\":{\"@id\":\"https:\/\/www.akustikforschung.de\/unternehmen\/fallstudien\/geraeuschemission-und-laermminderung-an-luftwasser-waermepumpen\/#primaryimage\"},\"thumbnailUrl\":\"https:\/\/www.akustikforschung.de\/wp-content\/uploads\/2012\/08\/messung_schallleistung_15_ws.jpg\",\"keywords\":[\"noise emission\",\"noise reduction\",\"Luft-Wasser-W\u00e4rmepumpen\",\"measurement\",\"heat pump\"],\"articleSection\":[\"Case Studies\"],\"inLanguage\":\"en-US\",\"potentialAction\":[{\"@type\":\"CommentAction\",\"name\":\"Comment\",\"target\":[\"https:\/\/www.akustikforschung.de\/unternehmen\/fallstudien\/geraeuschemission-und-laermminderung-an-luftwasser-waermepumpen\/#respond\"]}]},{\"@type\":\"WebPage\",\"@id\":\"https:\/\/www.akustikforschung.de\/unternehmen\/fallstudien\/geraeuschemission-und-laermminderung-an-luftwasser-waermepumpen\/\",\"url\":\"https:\/\/www.akustikforschung.de\/unternehmen\/fallstudien\/geraeuschemission-und-laermminderung-an-luftwasser-waermepumpen\/\",\"name\":\"Ger\u00e4uschemission und L\u00e4rmminderung an Luft-Wasser-W\u00e4rmepumpen\",\"isPartOf\":{\"@id\":\"https:\/\/www.akustikforschung.de\/#website\"},\"primaryImageOfPage\":{\"@id\":\"https:\/\/www.akustikforschung.de\/unternehmen\/fallstudien\/geraeuschemission-und-laermminderung-an-luftwasser-waermepumpen\/#primaryimage\"},\"image\":{\"@id\":\"https:\/\/www.akustikforschung.de\/unternehmen\/fallstudien\/geraeuschemission-und-laermminderung-an-luftwasser-waermepumpen\/#primaryimage\"},\"thumbnailUrl\":\"https:\/\/www.akustikforschung.de\/wp-content\/uploads\/2012\/08\/messung_schallleistung_15_ws.jpg\",\"datePublished\":\"2013-03-05T09:59:49+00:00\",\"dateModified\":\"2021-03-17T13:33:43+00:00\",\"author\":{\"@id\":\"https:\/\/www.akustikforschung.de\/#\/schema\/person\/6ebcedb9982eae0e4dd5976b75ddb632\"},\"description\":\"W\u00e4rmepumpen, Messung von Ger\u00e4uschemission und Ger\u00e4uschimmission in situ, Auslegung von L\u00e4rmminderungsma\u00dfnahmen, tieffrequente L\u00e4rmbelastung\",\"breadcrumb\":{\"@id\":\"https:\/\/www.akustikforschung.de\/unternehmen\/fallstudien\/geraeuschemission-und-laermminderung-an-luftwasser-waermepumpen\/#breadcrumb\"},\"inLanguage\":\"en-US\",\"potentialAction\":[{\"@type\":\"ReadAction\",\"target\":[\"https:\/\/www.akustikforschung.de\/unternehmen\/fallstudien\/geraeuschemission-und-laermminderung-an-luftwasser-waermepumpen\/\"]}]},{\"@type\":\"ImageObject\",\"inLanguage\":\"en-US\",\"@id\":\"https:\/\/www.akustikforschung.de\/unternehmen\/fallstudien\/geraeuschemission-und-laermminderung-an-luftwasser-waermepumpen\/#primaryimage\",\"url\":\"https:\/\/www.akustikforschung.de\/wp-content\/uploads\/2012\/08\/messung_schallleistung_15_ws.jpg\",\"contentUrl\":\"https:\/\/www.akustikforschung.de\/wp-content\/uploads\/2012\/08\/messung_schallleistung_15_ws.jpg\",\"width\":800,\"height\":600},{\"@type\":\"BreadcrumbList\",\"@id\":\"https:\/\/www.akustikforschung.de\/unternehmen\/fallstudien\/geraeuschemission-und-laermminderung-an-luftwasser-waermepumpen\/#breadcrumb\",\"itemListElement\":[{\"@type\":\"ListItem\",\"position\":1,\"name\":\"Home\",\"item\":\"https:\/\/www.akustikforschung.de\/\"},{\"@type\":\"ListItem\",\"position\":2,\"name\":\"Ger\u00e4uschemission und L\u00e4rmminderung an Luft-Wasser-W\u00e4rmepumpen\"}]},{\"@type\":\"WebSite\",\"@id\":\"https:\/\/www.akustikforschung.de\/#website\",\"url\":\"https:\/\/www.akustikforschung.de\/\",\"name\":\"Gesellschaft f\u00fcr Akustikforschung Dresden mbH\",\"description\":\"Research &amp; Development - Test - Consultancy\",\"potentialAction\":[{\"@type\":\"SearchAction\",\"target\":{\"@type\":\"EntryPoint\",\"urlTemplate\":\"https:\/\/www.akustikforschung.de\/?s={search_term_string}\"},\"query-input\":{\"@type\":\"PropertyValueSpecification\",\"valueRequired\":true,\"valueName\":\"search_term_string\"}}],\"inLanguage\":\"en-US\"},{\"@type\":\"Person\",\"@id\":\"https:\/\/www.akustikforschung.de\/#\/schema\/person\/6ebcedb9982eae0e4dd5976b75ddb632\",\"name\":\"Habelt\",\"image\":{\"@type\":\"ImageObject\",\"inLanguage\":\"en-US\",\"@id\":\"https:\/\/www.akustikforschung.de\/#\/schema\/person\/image\/\",\"url\":\"https:\/\/secure.gravatar.com\/avatar\/5aae039a521eb1a6abae96312bf56fd12b5ce7c8179f0d2531104afe975e273f?s=96&d=mm&r=g\",\"contentUrl\":\"https:\/\/secure.gravatar.com\/avatar\/5aae039a521eb1a6abae96312bf56fd12b5ce7c8179f0d2531104afe975e273f?s=96&d=mm&r=g\",\"caption\":\"Habelt\"},\"url\":\"https:\/\/www.akustikforschung.de\/en\/author\/habelt\/\"}]}<\/script>\n<!-- \/ Yoast SEO plugin. -->","yoast_head_json":{"title":"Ger\u00e4uschemission und L\u00e4rmminderung an Luft-Wasser-W\u00e4rmepumpen","description":"W\u00e4rmepumpen, Messung von Ger\u00e4uschemission und Ger\u00e4uschimmission in situ, Auslegung von L\u00e4rmminderungsma\u00dfnahmen, tieffrequente L\u00e4rmbelastung","robots":{"index":"index","follow":"follow","max-snippet":"max-snippet:-1","max-image-preview":"max-image-preview:large","max-video-preview":"max-video-preview:-1"},"canonical":"https:\/\/www.akustikforschung.de\/unternehmen\/fallstudien\/geraeuschemission-und-laermminderung-an-luftwasser-waermepumpen\/","og_locale":"en_US","og_type":"article","og_title":"Ger\u00e4uschemission und L\u00e4rmminderung an Luft-Wasser-W\u00e4rmepumpen","og_description":"W\u00e4rmepumpen, Messung von Ger\u00e4uschemission und Ger\u00e4uschimmission in situ, Auslegung von L\u00e4rmminderungsma\u00dfnahmen, tieffrequente L\u00e4rmbelastung","og_url":"https:\/\/www.akustikforschung.de\/unternehmen\/fallstudien\/geraeuschemission-und-laermminderung-an-luftwasser-waermepumpen\/","og_site_name":"Gesellschaft f\u00fcr Akustikforschung Dresden mbH","article_published_time":"2013-03-05T09:59:49+00:00","article_modified_time":"2021-03-17T13:33:43+00:00","og_image":[{"width":800,"height":600,"url":"https:\/\/www.akustikforschung.de\/wp-content\/uploads\/2012\/08\/messung_schallleistung_15_ws.jpg","type":"image\/jpeg"}],"author":"Habelt","twitter_misc":{"Written by":"Habelt","Est. reading time":"1 minute"},"schema":{"@context":"https:\/\/schema.org","@graph":[{"@type":"Article","@id":"https:\/\/www.akustikforschung.de\/unternehmen\/fallstudien\/geraeuschemission-und-laermminderung-an-luftwasser-waermepumpen\/#article","isPartOf":{"@id":"https:\/\/www.akustikforschung.de\/unternehmen\/fallstudien\/geraeuschemission-und-laermminderung-an-luftwasser-waermepumpen\/"},"author":{"name":"Habelt","@id":"https:\/\/www.akustikforschung.de\/#\/schema\/person\/6ebcedb9982eae0e4dd5976b75ddb632"},"headline":"Noise Emission and Noise Reduction at Air to Water Heat Pumps","datePublished":"2013-03-05T09:59:49+00:00","dateModified":"2021-03-17T13:33:43+00:00","mainEntityOfPage":{"@id":"https:\/\/www.akustikforschung.de\/unternehmen\/fallstudien\/geraeuschemission-und-laermminderung-an-luftwasser-waermepumpen\/"},"wordCount":217,"commentCount":0,"image":{"@id":"https:\/\/www.akustikforschung.de\/unternehmen\/fallstudien\/geraeuschemission-und-laermminderung-an-luftwasser-waermepumpen\/#primaryimage"},"thumbnailUrl":"https:\/\/www.akustikforschung.de\/wp-content\/uploads\/2012\/08\/messung_schallleistung_15_ws.jpg","keywords":["noise emission","noise reduction","Luft-Wasser-W\u00e4rmepumpen","measurement","heat pump"],"articleSection":["Case Studies"],"inLanguage":"en-US","potentialAction":[{"@type":"CommentAction","name":"Comment","target":["https:\/\/www.akustikforschung.de\/unternehmen\/fallstudien\/geraeuschemission-und-laermminderung-an-luftwasser-waermepumpen\/#respond"]}]},{"@type":"WebPage","@id":"https:\/\/www.akustikforschung.de\/unternehmen\/fallstudien\/geraeuschemission-und-laermminderung-an-luftwasser-waermepumpen\/","url":"https:\/\/www.akustikforschung.de\/unternehmen\/fallstudien\/geraeuschemission-und-laermminderung-an-luftwasser-waermepumpen\/","name":"Ger\u00e4uschemission und L\u00e4rmminderung an Luft-Wasser-W\u00e4rmepumpen","isPartOf":{"@id":"https:\/\/www.akustikforschung.de\/#website"},"primaryImageOfPage":{"@id":"https:\/\/www.akustikforschung.de\/unternehmen\/fallstudien\/geraeuschemission-und-laermminderung-an-luftwasser-waermepumpen\/#primaryimage"},"image":{"@id":"https:\/\/www.akustikforschung.de\/unternehmen\/fallstudien\/geraeuschemission-und-laermminderung-an-luftwasser-waermepumpen\/#primaryimage"},"thumbnailUrl":"https:\/\/www.akustikforschung.de\/wp-content\/uploads\/2012\/08\/messung_schallleistung_15_ws.jpg","datePublished":"2013-03-05T09:59:49+00:00","dateModified":"2021-03-17T13:33:43+00:00","author":{"@id":"https:\/\/www.akustikforschung.de\/#\/schema\/person\/6ebcedb9982eae0e4dd5976b75ddb632"},"description":"W\u00e4rmepumpen, Messung von Ger\u00e4uschemission und Ger\u00e4uschimmission in situ, Auslegung von L\u00e4rmminderungsma\u00dfnahmen, tieffrequente L\u00e4rmbelastung","breadcrumb":{"@id":"https:\/\/www.akustikforschung.de\/unternehmen\/fallstudien\/geraeuschemission-und-laermminderung-an-luftwasser-waermepumpen\/#breadcrumb"},"inLanguage":"en-US","potentialAction":[{"@type":"ReadAction","target":["https:\/\/www.akustikforschung.de\/unternehmen\/fallstudien\/geraeuschemission-und-laermminderung-an-luftwasser-waermepumpen\/"]}]},{"@type":"ImageObject","inLanguage":"en-US","@id":"https:\/\/www.akustikforschung.de\/unternehmen\/fallstudien\/geraeuschemission-und-laermminderung-an-luftwasser-waermepumpen\/#primaryimage","url":"https:\/\/www.akustikforschung.de\/wp-content\/uploads\/2012\/08\/messung_schallleistung_15_ws.jpg","contentUrl":"https:\/\/www.akustikforschung.de\/wp-content\/uploads\/2012\/08\/messung_schallleistung_15_ws.jpg","width":800,"height":600},{"@type":"BreadcrumbList","@id":"https:\/\/www.akustikforschung.de\/unternehmen\/fallstudien\/geraeuschemission-und-laermminderung-an-luftwasser-waermepumpen\/#breadcrumb","itemListElement":[{"@type":"ListItem","position":1,"name":"Home","item":"https:\/\/www.akustikforschung.de\/"},{"@type":"ListItem","position":2,"name":"Ger\u00e4uschemission und L\u00e4rmminderung an Luft-Wasser-W\u00e4rmepumpen"}]},{"@type":"WebSite","@id":"https:\/\/www.akustikforschung.de\/#website","url":"https:\/\/www.akustikforschung.de\/","name":"Gesellschaft f\u00fcr Akustikforschung Dresden mbH","description":"Research &amp; Development - Test - Consultancy","potentialAction":[{"@type":"SearchAction","target":{"@type":"EntryPoint","urlTemplate":"https:\/\/www.akustikforschung.de\/?s={search_term_string}"},"query-input":{"@type":"PropertyValueSpecification","valueRequired":true,"valueName":"search_term_string"}}],"inLanguage":"en-US"},{"@type":"Person","@id":"https:\/\/www.akustikforschung.de\/#\/schema\/person\/6ebcedb9982eae0e4dd5976b75ddb632","name":"Habelt","image":{"@type":"ImageObject","inLanguage":"en-US","@id":"https:\/\/www.akustikforschung.de\/#\/schema\/person\/image\/","url":"https:\/\/secure.gravatar.com\/avatar\/5aae039a521eb1a6abae96312bf56fd12b5ce7c8179f0d2531104afe975e273f?s=96&d=mm&r=g","contentUrl":"https:\/\/secure.gravatar.com\/avatar\/5aae039a521eb1a6abae96312bf56fd12b5ce7c8179f0d2531104afe975e273f?s=96&d=mm&r=g","caption":"Habelt"},"url":"https:\/\/www.akustikforschung.de\/en\/author\/habelt\/"}]}},"_links":{"self":[{"href":"https:\/\/www.akustikforschung.de\/en\/wp-json\/wp\/v2\/posts\/5143","targetHints":{"allow":["GET"]}}],"collection":[{"href":"https:\/\/www.akustikforschung.de\/en\/wp-json\/wp\/v2\/posts"}],"about":[{"href":"https:\/\/www.akustikforschung.de\/en\/wp-json\/wp\/v2\/types\/post"}],"author":[{"embeddable":true,"href":"https:\/\/www.akustikforschung.de\/en\/wp-json\/wp\/v2\/users\/6"}],"replies":[{"embeddable":true,"href":"https:\/\/www.akustikforschung.de\/en\/wp-json\/wp\/v2\/comments?post=5143"}],"version-history":[{"count":2,"href":"https:\/\/www.akustikforschung.de\/en\/wp-json\/wp\/v2\/posts\/5143\/revisions"}],"predecessor-version":[{"id":11324,"href":"https:\/\/www.akustikforschung.de\/en\/wp-json\/wp\/v2\/posts\/5143\/revisions\/11324"}],"wp:featuredmedia":[{"embeddable":true,"href":"https:\/\/www.akustikforschung.de\/en\/wp-json\/wp\/v2\/media\/4821"}],"wp:attachment":[{"href":"https:\/\/www.akustikforschung.de\/en\/wp-json\/wp\/v2\/media?parent=5143"}],"wp:term":[{"taxonomy":"category","embeddable":true,"href":"https:\/\/www.akustikforschung.de\/en\/wp-json\/wp\/v2\/categories?post=5143"},{"taxonomy":"post_tag","embeddable":true,"href":"https:\/\/www.akustikforschung.de\/en\/wp-json\/wp\/v2\/tags?post=5143"}],"curies":[{"name":"wp","href":"https:\/\/api.w.org\/{rel}","templated":true}]}}