{"id":6027,"date":"2014-01-17T14:25:26","date_gmt":"2014-01-17T14:25:26","guid":{"rendered":"https:\/\/www.akustik-forschung.de\/test\/?p=6027"},"modified":"2021-03-17T17:56:51","modified_gmt":"2021-03-17T16:56:51","slug":"daga-2014","status":"publish","type":"post","link":"https:\/\/www.akustikforschung.de\/en\/unternehmen\/nachrichten\/daga-2014\/","title":{"rendered":"DAGA 2014"},"content":{"rendered":"<p><a href=\"https:\/\/www.akustikforschung.de\/wp-content\/uploads\/2012\/08\/messung_schallleistung_15_ws.jpg\" rel=\"gallery\"><img loading=\"lazy\" decoding=\"async\" class=\"alignright wp-image-4821 size-medium\" src=\"https:\/\/www.akustikforschung.de\/wp-content\/uploads\/2012\/08\/messung_schallleistung_15_ws-300x225.jpg\" alt=\"DAGA 2014 - Investigation results concerning noise emission of air water heatpumps\" width=\"300\" height=\"225\" srcset=\"https:\/\/www.akustikforschung.de\/wp-content\/uploads\/2012\/08\/messung_schallleistung_15_ws-300x225.jpg 300w, https:\/\/www.akustikforschung.de\/wp-content\/uploads\/2012\/08\/messung_schallleistung_15_ws-640x480.jpg 640w, https:\/\/www.akustikforschung.de\/wp-content\/uploads\/2012\/08\/messung_schallleistung_15_ws-440x330.jpg 440w, https:\/\/www.akustikforschung.de\/wp-content\/uploads\/2012\/08\/messung_schallleistung_15_ws.jpg 800w\" sizes=\"auto, (max-width: 300px) 100vw, 300px\" \/><\/a><\/p>\n<p>On the 40th Annual German Congress on Acoustics (DAGA 2014)\u00a0from 10th to 13th of March 2014 in Oldenburg, the Gesellschaft f\u00fcr Akustikforschung Dresden mbH presents recent research results on the determination of <a href=\"https:\/\/www.akustikforschung.de\/en\/unternehmen\/fallstudien\/gerauschemission-und-larmminderung-an-luftwasser-warmepumpen\/\" target=\"_blank\" rel=\"noopener\">Noise Emission and Noise Reduction at Air Water Heat Pumps.<\/a><\/p>\n<p>Furthermore, an overview about the current state of <a href=\"https:\/\/www.akustikforschung.de\/en\/unternehmen\/fallstudien\/featured-case-study-article-2\/\" target=\"_blank\" rel=\"noopener\">Noise reducing Technologies at Micro-Cogeneration Units<\/a> as well as about research results regarding the elastic modulus and the mechanical surface impedance as indicators for the durability of asphalt road surfaces is given.<\/p>\n<p>To the conference of <a href=\"https:\/\/2014.daga-tagung.de\/en\/\" target=\"_blank\" rel=\"noopener\">DAGA 2014<\/a>.<\/p>","protected":false},"excerpt":{"rendered":"<p>Gesellschaft f\u00fcr Akustik&shy;forschung Dresden mbH presents current research results at DAGA from 10th to 13th March 2014 in Oldenburg.<\/p>\n","protected":false},"author":6,"featured_media":4821,"comment_status":"open","ping_status":"open","sticky":false,"template":"","format":"standard","meta":{"footnotes":""},"categories":[7],"tags":[395,435,640,428,335,264,251,501,639,120],"class_list":["post-6027","post","type-post","status-publish","format-standard","has-post-thumbnail","hentry","category-nachrichten","tag-blockheizkraftwerk","tag-daga","tag-daga-2014","tag-e-modul","tag-eingangsimpedanz","tag-fahrbahnbelag","tag-gerauschemission","tag-larmminderung","tag-luft-wasser-waermepumpe","tag-warmepumpe","no-content-parts"],"yoast_head":"<!-- This site is optimized with the Yoast SEO plugin v26.9 - https:\/\/yoast.com\/product\/yoast-seo-wordpress\/ -->\n<title>DAGA 2014 - Gesellschaft f\u00fcr Akustikforschung Dresden mbH<\/title>\n<meta name=\"description\" content=\"DAGA 2014 - Ger\u00e4uschemission, L\u00e4rmminderung bei Luft-Wasser-W\u00e4rmepumpen und Mikro-BHKW - E-Modul, Eingangsimpedanz von Fahrbahnbel\u00e4gen\" \/>\n<meta name=\"robots\" content=\"index, follow, max-snippet:-1, max-image-preview:large, max-video-preview:-1\" \/>\n<link rel=\"canonical\" href=\"https:\/\/www.akustikforschung.de\/unternehmen\/nachrichten\/daga-2014\/\" \/>\n<meta property=\"og:locale\" content=\"en_US\" \/>\n<meta property=\"og:type\" content=\"article\" \/>\n<meta property=\"og:title\" content=\"DAGA 2014 - Gesellschaft f\u00fcr Akustikforschung Dresden mbH\" \/>\n<meta property=\"og:description\" content=\"DAGA 2014 - Ger\u00e4uschemission, L\u00e4rmminderung bei Luft-Wasser-W\u00e4rmepumpen und Mikro-BHKW - E-Modul, Eingangsimpedanz von Fahrbahnbel\u00e4gen\" \/>\n<meta property=\"og:url\" content=\"https:\/\/www.akustikforschung.de\/unternehmen\/nachrichten\/daga-2014\/\" \/>\n<meta property=\"og:site_name\" content=\"Gesellschaft f\u00fcr Akustikforschung Dresden mbH\" \/>\n<meta property=\"article:published_time\" content=\"2014-01-17T14:25:26+00:00\" \/>\n<meta property=\"article:modified_time\" content=\"2021-03-17T16:56:51+00:00\" \/>\n<meta property=\"og:image\" content=\"https:\/\/www.akustikforschung.de\/wp-content\/uploads\/2012\/08\/messung_schallleistung_15_ws.jpg\" \/>\n\t<meta property=\"og:image:width\" content=\"800\" \/>\n\t<meta property=\"og:image:height\" content=\"600\" \/>\n\t<meta property=\"og:image:type\" content=\"image\/jpeg\" \/>\n<meta name=\"author\" content=\"Habelt\" \/>\n<meta name=\"twitter:label1\" content=\"Written by\" \/>\n\t<meta name=\"twitter:data1\" content=\"Habelt\" \/>\n\t<meta name=\"twitter:label2\" content=\"Est. reading time\" \/>\n\t<meta name=\"twitter:data2\" content=\"1 minute\" \/>\n<script type=\"application\/ld+json\" class=\"yoast-schema-graph\">{\"@context\":\"https:\/\/schema.org\",\"@graph\":[{\"@type\":\"Article\",\"@id\":\"https:\/\/www.akustikforschung.de\/unternehmen\/nachrichten\/daga-2014\/#article\",\"isPartOf\":{\"@id\":\"https:\/\/www.akustikforschung.de\/unternehmen\/nachrichten\/daga-2014\/\"},\"author\":{\"name\":\"Habelt\",\"@id\":\"https:\/\/www.akustikforschung.de\/#\/schema\/person\/6ebcedb9982eae0e4dd5976b75ddb632\"},\"headline\":\"DAGA 2014\",\"datePublished\":\"2014-01-17T14:25:26+00:00\",\"dateModified\":\"2021-03-17T16:56:51+00:00\",\"mainEntityOfPage\":{\"@id\":\"https:\/\/www.akustikforschung.de\/unternehmen\/nachrichten\/daga-2014\/\"},\"wordCount\":164,\"commentCount\":0,\"image\":{\"@id\":\"https:\/\/www.akustikforschung.de\/unternehmen\/nachrichten\/daga-2014\/#primaryimage\"},\"thumbnailUrl\":\"https:\/\/www.akustikforschung.de\/wp-content\/uploads\/2012\/08\/messung_schallleistung_15_ws.jpg\",\"keywords\":[\"cogeneration unit\",\"DAGA\",\"DAGA 2014\",\"modulus of elasticity\",\"input impedance\",\"pavement\",\"noise emission\",\"noise reduction\",\"Luft-Wasser-W\u00e4rmepumpe\",\"heat pump\"],\"articleSection\":[\"News\"],\"inLanguage\":\"en-US\",\"potentialAction\":[{\"@type\":\"CommentAction\",\"name\":\"Comment\",\"target\":[\"https:\/\/www.akustikforschung.de\/unternehmen\/nachrichten\/daga-2014\/#respond\"]}]},{\"@type\":\"WebPage\",\"@id\":\"https:\/\/www.akustikforschung.de\/unternehmen\/nachrichten\/daga-2014\/\",\"url\":\"https:\/\/www.akustikforschung.de\/unternehmen\/nachrichten\/daga-2014\/\",\"name\":\"DAGA 2014 - Gesellschaft f\u00fcr Akustikforschung Dresden mbH\",\"isPartOf\":{\"@id\":\"https:\/\/www.akustikforschung.de\/#website\"},\"primaryImageOfPage\":{\"@id\":\"https:\/\/www.akustikforschung.de\/unternehmen\/nachrichten\/daga-2014\/#primaryimage\"},\"image\":{\"@id\":\"https:\/\/www.akustikforschung.de\/unternehmen\/nachrichten\/daga-2014\/#primaryimage\"},\"thumbnailUrl\":\"https:\/\/www.akustikforschung.de\/wp-content\/uploads\/2012\/08\/messung_schallleistung_15_ws.jpg\",\"datePublished\":\"2014-01-17T14:25:26+00:00\",\"dateModified\":\"2021-03-17T16:56:51+00:00\",\"author\":{\"@id\":\"https:\/\/www.akustikforschung.de\/#\/schema\/person\/6ebcedb9982eae0e4dd5976b75ddb632\"},\"description\":\"DAGA 2014 - Ger\u00e4uschemission, L\u00e4rmminderung bei Luft-Wasser-W\u00e4rmepumpen und Mikro-BHKW - E-Modul, Eingangsimpedanz von Fahrbahnbel\u00e4gen\",\"breadcrumb\":{\"@id\":\"https:\/\/www.akustikforschung.de\/unternehmen\/nachrichten\/daga-2014\/#breadcrumb\"},\"inLanguage\":\"en-US\",\"potentialAction\":[{\"@type\":\"ReadAction\",\"target\":[\"https:\/\/www.akustikforschung.de\/unternehmen\/nachrichten\/daga-2014\/\"]}]},{\"@type\":\"ImageObject\",\"inLanguage\":\"en-US\",\"@id\":\"https:\/\/www.akustikforschung.de\/unternehmen\/nachrichten\/daga-2014\/#primaryimage\",\"url\":\"https:\/\/www.akustikforschung.de\/wp-content\/uploads\/2012\/08\/messung_schallleistung_15_ws.jpg\",\"contentUrl\":\"https:\/\/www.akustikforschung.de\/wp-content\/uploads\/2012\/08\/messung_schallleistung_15_ws.jpg\",\"width\":800,\"height\":600},{\"@type\":\"BreadcrumbList\",\"@id\":\"https:\/\/www.akustikforschung.de\/unternehmen\/nachrichten\/daga-2014\/#breadcrumb\",\"itemListElement\":[{\"@type\":\"ListItem\",\"position\":1,\"name\":\"Home\",\"item\":\"https:\/\/www.akustikforschung.de\/\"},{\"@type\":\"ListItem\",\"position\":2,\"name\":\"DAGA 2014\"}]},{\"@type\":\"WebSite\",\"@id\":\"https:\/\/www.akustikforschung.de\/#website\",\"url\":\"https:\/\/www.akustikforschung.de\/\",\"name\":\"Gesellschaft f\u00fcr Akustikforschung Dresden mbH\",\"description\":\"Research &amp; Development - Test - Consultancy\",\"potentialAction\":[{\"@type\":\"SearchAction\",\"target\":{\"@type\":\"EntryPoint\",\"urlTemplate\":\"https:\/\/www.akustikforschung.de\/?s={search_term_string}\"},\"query-input\":{\"@type\":\"PropertyValueSpecification\",\"valueRequired\":true,\"valueName\":\"search_term_string\"}}],\"inLanguage\":\"en-US\"},{\"@type\":\"Person\",\"@id\":\"https:\/\/www.akustikforschung.de\/#\/schema\/person\/6ebcedb9982eae0e4dd5976b75ddb632\",\"name\":\"Habelt\",\"image\":{\"@type\":\"ImageObject\",\"inLanguage\":\"en-US\",\"@id\":\"https:\/\/www.akustikforschung.de\/#\/schema\/person\/image\/\",\"url\":\"https:\/\/secure.gravatar.com\/avatar\/5aae039a521eb1a6abae96312bf56fd12b5ce7c8179f0d2531104afe975e273f?s=96&d=mm&r=g\",\"contentUrl\":\"https:\/\/secure.gravatar.com\/avatar\/5aae039a521eb1a6abae96312bf56fd12b5ce7c8179f0d2531104afe975e273f?s=96&d=mm&r=g\",\"caption\":\"Habelt\"},\"url\":\"https:\/\/www.akustikforschung.de\/en\/author\/habelt\/\"}]}<\/script>\n<!-- \/ Yoast SEO plugin. -->","yoast_head_json":{"title":"DAGA 2014 - Gesellschaft f\u00fcr Akustikforschung Dresden mbH","description":"DAGA 2014 - Ger\u00e4uschemission, L\u00e4rmminderung bei Luft-Wasser-W\u00e4rmepumpen und Mikro-BHKW - E-Modul, Eingangsimpedanz von Fahrbahnbel\u00e4gen","robots":{"index":"index","follow":"follow","max-snippet":"max-snippet:-1","max-image-preview":"max-image-preview:large","max-video-preview":"max-video-preview:-1"},"canonical":"https:\/\/www.akustikforschung.de\/unternehmen\/nachrichten\/daga-2014\/","og_locale":"en_US","og_type":"article","og_title":"DAGA 2014 - Gesellschaft f\u00fcr Akustikforschung Dresden mbH","og_description":"DAGA 2014 - Ger\u00e4uschemission, L\u00e4rmminderung bei Luft-Wasser-W\u00e4rmepumpen und Mikro-BHKW - E-Modul, Eingangsimpedanz von Fahrbahnbel\u00e4gen","og_url":"https:\/\/www.akustikforschung.de\/unternehmen\/nachrichten\/daga-2014\/","og_site_name":"Gesellschaft f\u00fcr Akustikforschung Dresden mbH","article_published_time":"2014-01-17T14:25:26+00:00","article_modified_time":"2021-03-17T16:56:51+00:00","og_image":[{"width":800,"height":600,"url":"https:\/\/www.akustikforschung.de\/wp-content\/uploads\/2012\/08\/messung_schallleistung_15_ws.jpg","type":"image\/jpeg"}],"author":"Habelt","twitter_misc":{"Written by":"Habelt","Est. reading time":"1 minute"},"schema":{"@context":"https:\/\/schema.org","@graph":[{"@type":"Article","@id":"https:\/\/www.akustikforschung.de\/unternehmen\/nachrichten\/daga-2014\/#article","isPartOf":{"@id":"https:\/\/www.akustikforschung.de\/unternehmen\/nachrichten\/daga-2014\/"},"author":{"name":"Habelt","@id":"https:\/\/www.akustikforschung.de\/#\/schema\/person\/6ebcedb9982eae0e4dd5976b75ddb632"},"headline":"DAGA 2014","datePublished":"2014-01-17T14:25:26+00:00","dateModified":"2021-03-17T16:56:51+00:00","mainEntityOfPage":{"@id":"https:\/\/www.akustikforschung.de\/unternehmen\/nachrichten\/daga-2014\/"},"wordCount":164,"commentCount":0,"image":{"@id":"https:\/\/www.akustikforschung.de\/unternehmen\/nachrichten\/daga-2014\/#primaryimage"},"thumbnailUrl":"https:\/\/www.akustikforschung.de\/wp-content\/uploads\/2012\/08\/messung_schallleistung_15_ws.jpg","keywords":["cogeneration unit","DAGA","DAGA 2014","modulus of elasticity","input impedance","pavement","noise emission","noise reduction","Luft-Wasser-W\u00e4rmepumpe","heat pump"],"articleSection":["News"],"inLanguage":"en-US","potentialAction":[{"@type":"CommentAction","name":"Comment","target":["https:\/\/www.akustikforschung.de\/unternehmen\/nachrichten\/daga-2014\/#respond"]}]},{"@type":"WebPage","@id":"https:\/\/www.akustikforschung.de\/unternehmen\/nachrichten\/daga-2014\/","url":"https:\/\/www.akustikforschung.de\/unternehmen\/nachrichten\/daga-2014\/","name":"DAGA 2014 - Gesellschaft f\u00fcr Akustikforschung Dresden mbH","isPartOf":{"@id":"https:\/\/www.akustikforschung.de\/#website"},"primaryImageOfPage":{"@id":"https:\/\/www.akustikforschung.de\/unternehmen\/nachrichten\/daga-2014\/#primaryimage"},"image":{"@id":"https:\/\/www.akustikforschung.de\/unternehmen\/nachrichten\/daga-2014\/#primaryimage"},"thumbnailUrl":"https:\/\/www.akustikforschung.de\/wp-content\/uploads\/2012\/08\/messung_schallleistung_15_ws.jpg","datePublished":"2014-01-17T14:25:26+00:00","dateModified":"2021-03-17T16:56:51+00:00","author":{"@id":"https:\/\/www.akustikforschung.de\/#\/schema\/person\/6ebcedb9982eae0e4dd5976b75ddb632"},"description":"DAGA 2014 - Ger\u00e4uschemission, L\u00e4rmminderung bei Luft-Wasser-W\u00e4rmepumpen und Mikro-BHKW - E-Modul, Eingangsimpedanz von Fahrbahnbel\u00e4gen","breadcrumb":{"@id":"https:\/\/www.akustikforschung.de\/unternehmen\/nachrichten\/daga-2014\/#breadcrumb"},"inLanguage":"en-US","potentialAction":[{"@type":"ReadAction","target":["https:\/\/www.akustikforschung.de\/unternehmen\/nachrichten\/daga-2014\/"]}]},{"@type":"ImageObject","inLanguage":"en-US","@id":"https:\/\/www.akustikforschung.de\/unternehmen\/nachrichten\/daga-2014\/#primaryimage","url":"https:\/\/www.akustikforschung.de\/wp-content\/uploads\/2012\/08\/messung_schallleistung_15_ws.jpg","contentUrl":"https:\/\/www.akustikforschung.de\/wp-content\/uploads\/2012\/08\/messung_schallleistung_15_ws.jpg","width":800,"height":600},{"@type":"BreadcrumbList","@id":"https:\/\/www.akustikforschung.de\/unternehmen\/nachrichten\/daga-2014\/#breadcrumb","itemListElement":[{"@type":"ListItem","position":1,"name":"Home","item":"https:\/\/www.akustikforschung.de\/"},{"@type":"ListItem","position":2,"name":"DAGA 2014"}]},{"@type":"WebSite","@id":"https:\/\/www.akustikforschung.de\/#website","url":"https:\/\/www.akustikforschung.de\/","name":"Gesellschaft f\u00fcr Akustikforschung Dresden mbH","description":"Research &amp; Development - Test - Consultancy","potentialAction":[{"@type":"SearchAction","target":{"@type":"EntryPoint","urlTemplate":"https:\/\/www.akustikforschung.de\/?s={search_term_string}"},"query-input":{"@type":"PropertyValueSpecification","valueRequired":true,"valueName":"search_term_string"}}],"inLanguage":"en-US"},{"@type":"Person","@id":"https:\/\/www.akustikforschung.de\/#\/schema\/person\/6ebcedb9982eae0e4dd5976b75ddb632","name":"Habelt","image":{"@type":"ImageObject","inLanguage":"en-US","@id":"https:\/\/www.akustikforschung.de\/#\/schema\/person\/image\/","url":"https:\/\/secure.gravatar.com\/avatar\/5aae039a521eb1a6abae96312bf56fd12b5ce7c8179f0d2531104afe975e273f?s=96&d=mm&r=g","contentUrl":"https:\/\/secure.gravatar.com\/avatar\/5aae039a521eb1a6abae96312bf56fd12b5ce7c8179f0d2531104afe975e273f?s=96&d=mm&r=g","caption":"Habelt"},"url":"https:\/\/www.akustikforschung.de\/en\/author\/habelt\/"}]}},"_links":{"self":[{"href":"https:\/\/www.akustikforschung.de\/en\/wp-json\/wp\/v2\/posts\/6027","targetHints":{"allow":["GET"]}}],"collection":[{"href":"https:\/\/www.akustikforschung.de\/en\/wp-json\/wp\/v2\/posts"}],"about":[{"href":"https:\/\/www.akustikforschung.de\/en\/wp-json\/wp\/v2\/types\/post"}],"author":[{"embeddable":true,"href":"https:\/\/www.akustikforschung.de\/en\/wp-json\/wp\/v2\/users\/6"}],"replies":[{"embeddable":true,"href":"https:\/\/www.akustikforschung.de\/en\/wp-json\/wp\/v2\/comments?post=6027"}],"version-history":[{"count":1,"href":"https:\/\/www.akustikforschung.de\/en\/wp-json\/wp\/v2\/posts\/6027\/revisions"}],"predecessor-version":[{"id":11333,"href":"https:\/\/www.akustikforschung.de\/en\/wp-json\/wp\/v2\/posts\/6027\/revisions\/11333"}],"wp:featuredmedia":[{"embeddable":true,"href":"https:\/\/www.akustikforschung.de\/en\/wp-json\/wp\/v2\/media\/4821"}],"wp:attachment":[{"href":"https:\/\/www.akustikforschung.de\/en\/wp-json\/wp\/v2\/media?parent=6027"}],"wp:term":[{"taxonomy":"category","embeddable":true,"href":"https:\/\/www.akustikforschung.de\/en\/wp-json\/wp\/v2\/categories?post=6027"},{"taxonomy":"post_tag","embeddable":true,"href":"https:\/\/www.akustikforschung.de\/en\/wp-json\/wp\/v2\/tags?post=6027"}],"curies":[{"name":"wp","href":"https:\/\/api.w.org\/{rel}","templated":true}]}}