{"id":7606,"date":"2014-07-31T12:41:06","date_gmt":"2014-07-31T12:41:06","guid":{"rendered":"https:\/\/www.akustik-forschung.de\/test\/?p=7606"},"modified":"2021-03-17T17:47:55","modified_gmt":"2021-03-17T16:47:55","slug":"kompressionsprobenhalter","status":"publish","type":"post","link":"https:\/\/www.akustikforschung.de\/en\/unternehmen\/nachrichten\/kompressionsprobenhalter\/","title":{"rendered":"Compression specimen holder for impedance tube"},"content":{"rendered":"<p><a href=\"https:\/\/www.akustikforschung.de\/wp-content\/uploads\/2014\/07\/afd1200_06_kompressionsprobenhalter_ed3_ws.jpg\" rel=\"gallery\"><img loading=\"lazy\" decoding=\"async\" class=\"alignright wp-image-7603 size-medium\" src=\"https:\/\/www.akustikforschung.de\/wp-content\/uploads\/2014\/07\/afd1200_06_kompressionsprobenhalter_ed3_ws-300x234.jpg\" alt=\"Compression specimen holder for impedance tube for measurement of sound absorption coefficient and transmission coefficient of compressed materials\" width=\"300\" height=\"234\" srcset=\"https:\/\/www.akustikforschung.de\/wp-content\/uploads\/2014\/07\/afd1200_06_kompressionsprobenhalter_ed3_ws-300x234.jpg 300w, https:\/\/www.akustikforschung.de\/wp-content\/uploads\/2014\/07\/afd1200_06_kompressionsprobenhalter_ed3_ws-640x500.jpg 640w, https:\/\/www.akustikforschung.de\/wp-content\/uploads\/2014\/07\/afd1200_06_kompressionsprobenhalter_ed3_ws-440x344.jpg 440w, https:\/\/www.akustikforschung.de\/wp-content\/uploads\/2014\/07\/afd1200_06_kompressionsprobenhalter_ed3_ws.jpg 800w\" sizes=\"auto, (max-width: 300px) 100vw, 300px\" \/><\/a><\/p>\n<p>As of now, a novel compression specimen holder extends the application range of the impedance tube <a href=\"https:\/\/www.akustikforschung.de\/en\/produkte\/messgerate\/impedanzrohr-aed-1000-acoustitube\/\" target=\"_blank\" rel=\"noopener\">AcoustiTube<sup>\u00ae<\/sup><\/a> and the airflow resistivity meter <a href=\"https:\/\/www.akustikforschung.de\/en\/produkte\/messgerate\/stromungswiderstandsmessgerat-aed-300-acoustiflow\/\" target=\"_blank\" rel=\"noopener\">AcoustiFlow<sup>\u00ae<\/sup><\/a>.<\/p>\n<p>The specimen holder can be continuously adjusted in length and allows the defined compression of cylindrical specimens to measure the sound absorption coefficient, transmission loss, absorber values and the airflow resistance. Also, fills, thin fabrics as well as multilayer systems can be installed with control.<\/p>","protected":false},"excerpt":{"rendered":"<p>As of now, a novel compression specimen holder extends the application range of impedance tube and airflow resistivity meter.<\/p>\n","protected":false},"author":2,"featured_media":7617,"comment_status":"open","ping_status":"open","sticky":false,"template":"","format":"standard","meta":{"footnotes":""},"categories":[7],"tags":[41,637,638,38,212,384],"class_list":["post-7606","post","type-post","status-publish","format-standard","has-post-thumbnail","hentry","category-nachrichten","tag-impedanzrohr","tag-kompression","tag-kompressionsprobenhalter","tag-schallabsorptionsgrad","tag-stromungswiderstand","tag-stromungswiderstandsmessgerat","no-content-parts"],"yoast_head":"<!-- This site is optimized with the Yoast SEO plugin v26.9 - https:\/\/yoast.com\/product\/yoast-seo-wordpress\/ -->\n<title>Kompressionsprobenhalter f\u00fcr Impedanzrohr, Messung bei Kompression<\/title>\n<meta name=\"description\" content=\"Kompressionsprobenhalter f\u00fcr Impedanzrohr und Str\u00f6mungswiderstandsmessger\u00e4t, Messung Schallabsorption, Str\u00f6mungswiderstand bei Kompression.\" \/>\n<meta name=\"robots\" content=\"index, follow, max-snippet:-1, max-image-preview:large, max-video-preview:-1\" \/>\n<link rel=\"canonical\" href=\"https:\/\/www.akustikforschung.de\/unternehmen\/nachrichten\/kompressionsprobenhalter\/\" \/>\n<meta property=\"og:locale\" content=\"en_US\" \/>\n<meta property=\"og:type\" content=\"article\" \/>\n<meta property=\"og:title\" content=\"Kompressionsprobenhalter f\u00fcr Impedanzrohr, Messung bei Kompression\" \/>\n<meta property=\"og:description\" content=\"Kompressionsprobenhalter f\u00fcr Impedanzrohr und Str\u00f6mungswiderstandsmessger\u00e4t, Messung Schallabsorption, Str\u00f6mungswiderstand bei Kompression.\" \/>\n<meta property=\"og:url\" content=\"https:\/\/www.akustikforschung.de\/unternehmen\/nachrichten\/kompressionsprobenhalter\/\" \/>\n<meta property=\"og:site_name\" content=\"Gesellschaft f\u00fcr Akustikforschung Dresden mbH\" \/>\n<meta property=\"article:published_time\" content=\"2014-07-31T12:41:06+00:00\" \/>\n<meta property=\"article:modified_time\" content=\"2021-03-17T16:47:55+00:00\" \/>\n<meta property=\"og:image\" content=\"https:\/\/www.akustikforschung.de\/wp-content\/uploads\/2014\/07\/afd1200_06_kompressionsprobenhalter_ed4_ws.jpg\" \/>\n\t<meta property=\"og:image:width\" content=\"800\" \/>\n\t<meta property=\"og:image:height\" content=\"800\" \/>\n\t<meta property=\"og:image:type\" content=\"image\/jpeg\" \/>\n<meta name=\"author\" content=\"schulze\" \/>\n<meta name=\"twitter:label1\" content=\"Written by\" \/>\n\t<meta name=\"twitter:data1\" content=\"schulze\" \/>\n\t<meta name=\"twitter:label2\" content=\"Est. reading time\" \/>\n\t<meta name=\"twitter:data2\" content=\"1 minute\" \/>\n<script type=\"application\/ld+json\" class=\"yoast-schema-graph\">{\"@context\":\"https:\/\/schema.org\",\"@graph\":[{\"@type\":\"Article\",\"@id\":\"https:\/\/www.akustikforschung.de\/unternehmen\/nachrichten\/kompressionsprobenhalter\/#article\",\"isPartOf\":{\"@id\":\"https:\/\/www.akustikforschung.de\/unternehmen\/nachrichten\/kompressionsprobenhalter\/\"},\"author\":{\"name\":\"schulze\",\"@id\":\"https:\/\/www.akustikforschung.de\/#\/schema\/person\/7e29605eb1dbc973ce95e26bf68a3221\"},\"headline\":\"Compression specimen holder for impedance tube\",\"datePublished\":\"2014-07-31T12:41:06+00:00\",\"dateModified\":\"2021-03-17T16:47:55+00:00\",\"mainEntityOfPage\":{\"@id\":\"https:\/\/www.akustikforschung.de\/unternehmen\/nachrichten\/kompressionsprobenhalter\/\"},\"wordCount\":142,\"commentCount\":0,\"image\":{\"@id\":\"https:\/\/www.akustikforschung.de\/unternehmen\/nachrichten\/kompressionsprobenhalter\/#primaryimage\"},\"thumbnailUrl\":\"https:\/\/www.akustikforschung.de\/wp-content\/uploads\/2014\/07\/afd1200_06_kompressionsprobenhalter_ed4_ws.jpg\",\"keywords\":[\"impedance tube\",\"Kompression\",\"Kompressionsprobenhalter\",\"sound absorption coefficient\",\"airflow resistance\",\"airflow resistivity meter\"],\"articleSection\":[\"News\"],\"inLanguage\":\"en-US\",\"potentialAction\":[{\"@type\":\"CommentAction\",\"name\":\"Comment\",\"target\":[\"https:\/\/www.akustikforschung.de\/unternehmen\/nachrichten\/kompressionsprobenhalter\/#respond\"]}]},{\"@type\":\"WebPage\",\"@id\":\"https:\/\/www.akustikforschung.de\/unternehmen\/nachrichten\/kompressionsprobenhalter\/\",\"url\":\"https:\/\/www.akustikforschung.de\/unternehmen\/nachrichten\/kompressionsprobenhalter\/\",\"name\":\"Kompressionsprobenhalter f\u00fcr Impedanzrohr, Messung bei Kompression\",\"isPartOf\":{\"@id\":\"https:\/\/www.akustikforschung.de\/#website\"},\"primaryImageOfPage\":{\"@id\":\"https:\/\/www.akustikforschung.de\/unternehmen\/nachrichten\/kompressionsprobenhalter\/#primaryimage\"},\"image\":{\"@id\":\"https:\/\/www.akustikforschung.de\/unternehmen\/nachrichten\/kompressionsprobenhalter\/#primaryimage\"},\"thumbnailUrl\":\"https:\/\/www.akustikforschung.de\/wp-content\/uploads\/2014\/07\/afd1200_06_kompressionsprobenhalter_ed4_ws.jpg\",\"datePublished\":\"2014-07-31T12:41:06+00:00\",\"dateModified\":\"2021-03-17T16:47:55+00:00\",\"author\":{\"@id\":\"https:\/\/www.akustikforschung.de\/#\/schema\/person\/7e29605eb1dbc973ce95e26bf68a3221\"},\"description\":\"Kompressionsprobenhalter f\u00fcr Impedanzrohr und Str\u00f6mungswiderstandsmessger\u00e4t, Messung Schallabsorption, Str\u00f6mungswiderstand bei Kompression.\",\"breadcrumb\":{\"@id\":\"https:\/\/www.akustikforschung.de\/unternehmen\/nachrichten\/kompressionsprobenhalter\/#breadcrumb\"},\"inLanguage\":\"en-US\",\"potentialAction\":[{\"@type\":\"ReadAction\",\"target\":[\"https:\/\/www.akustikforschung.de\/unternehmen\/nachrichten\/kompressionsprobenhalter\/\"]}]},{\"@type\":\"ImageObject\",\"inLanguage\":\"en-US\",\"@id\":\"https:\/\/www.akustikforschung.de\/unternehmen\/nachrichten\/kompressionsprobenhalter\/#primaryimage\",\"url\":\"https:\/\/www.akustikforschung.de\/wp-content\/uploads\/2014\/07\/afd1200_06_kompressionsprobenhalter_ed4_ws.jpg\",\"contentUrl\":\"https:\/\/www.akustikforschung.de\/wp-content\/uploads\/2014\/07\/afd1200_06_kompressionsprobenhalter_ed4_ws.jpg\",\"width\":800,\"height\":800},{\"@type\":\"BreadcrumbList\",\"@id\":\"https:\/\/www.akustikforschung.de\/unternehmen\/nachrichten\/kompressionsprobenhalter\/#breadcrumb\",\"itemListElement\":[{\"@type\":\"ListItem\",\"position\":1,\"name\":\"Home\",\"item\":\"https:\/\/www.akustikforschung.de\/\"},{\"@type\":\"ListItem\",\"position\":2,\"name\":\"Kompressionsprobenhalter f\u00fcr Impedanzrohr\"}]},{\"@type\":\"WebSite\",\"@id\":\"https:\/\/www.akustikforschung.de\/#website\",\"url\":\"https:\/\/www.akustikforschung.de\/\",\"name\":\"Gesellschaft f\u00fcr Akustikforschung Dresden mbH\",\"description\":\"Research &amp; Development - Test - Consultancy\",\"potentialAction\":[{\"@type\":\"SearchAction\",\"target\":{\"@type\":\"EntryPoint\",\"urlTemplate\":\"https:\/\/www.akustikforschung.de\/?s={search_term_string}\"},\"query-input\":{\"@type\":\"PropertyValueSpecification\",\"valueRequired\":true,\"valueName\":\"search_term_string\"}}],\"inLanguage\":\"en-US\"},{\"@type\":\"Person\",\"@id\":\"https:\/\/www.akustikforschung.de\/#\/schema\/person\/7e29605eb1dbc973ce95e26bf68a3221\",\"name\":\"schulze\",\"image\":{\"@type\":\"ImageObject\",\"inLanguage\":\"en-US\",\"@id\":\"https:\/\/www.akustikforschung.de\/#\/schema\/person\/image\/\",\"url\":\"https:\/\/secure.gravatar.com\/avatar\/bdd409e9d04a05bcbb3fe62300803322c5369903065b31760230384d19fc5b3d?s=96&d=mm&r=g\",\"contentUrl\":\"https:\/\/secure.gravatar.com\/avatar\/bdd409e9d04a05bcbb3fe62300803322c5369903065b31760230384d19fc5b3d?s=96&d=mm&r=g\",\"caption\":\"schulze\"},\"url\":\"https:\/\/www.akustikforschung.de\/en\/author\/schulze\/\"}]}<\/script>\n<!-- \/ Yoast SEO plugin. -->","yoast_head_json":{"title":"Kompressionsprobenhalter f\u00fcr Impedanzrohr, Messung bei Kompression","description":"Kompressionsprobenhalter f\u00fcr Impedanzrohr und Str\u00f6mungswiderstandsmessger\u00e4t, Messung Schallabsorption, Str\u00f6mungswiderstand bei Kompression.","robots":{"index":"index","follow":"follow","max-snippet":"max-snippet:-1","max-image-preview":"max-image-preview:large","max-video-preview":"max-video-preview:-1"},"canonical":"https:\/\/www.akustikforschung.de\/unternehmen\/nachrichten\/kompressionsprobenhalter\/","og_locale":"en_US","og_type":"article","og_title":"Kompressionsprobenhalter f\u00fcr Impedanzrohr, Messung bei Kompression","og_description":"Kompressionsprobenhalter f\u00fcr Impedanzrohr und Str\u00f6mungswiderstandsmessger\u00e4t, Messung Schallabsorption, Str\u00f6mungswiderstand bei Kompression.","og_url":"https:\/\/www.akustikforschung.de\/unternehmen\/nachrichten\/kompressionsprobenhalter\/","og_site_name":"Gesellschaft f\u00fcr Akustikforschung Dresden mbH","article_published_time":"2014-07-31T12:41:06+00:00","article_modified_time":"2021-03-17T16:47:55+00:00","og_image":[{"width":800,"height":800,"url":"https:\/\/www.akustikforschung.de\/wp-content\/uploads\/2014\/07\/afd1200_06_kompressionsprobenhalter_ed4_ws.jpg","type":"image\/jpeg"}],"author":"schulze","twitter_misc":{"Written by":"schulze","Est. reading time":"1 minute"},"schema":{"@context":"https:\/\/schema.org","@graph":[{"@type":"Article","@id":"https:\/\/www.akustikforschung.de\/unternehmen\/nachrichten\/kompressionsprobenhalter\/#article","isPartOf":{"@id":"https:\/\/www.akustikforschung.de\/unternehmen\/nachrichten\/kompressionsprobenhalter\/"},"author":{"name":"schulze","@id":"https:\/\/www.akustikforschung.de\/#\/schema\/person\/7e29605eb1dbc973ce95e26bf68a3221"},"headline":"Compression specimen holder for impedance tube","datePublished":"2014-07-31T12:41:06+00:00","dateModified":"2021-03-17T16:47:55+00:00","mainEntityOfPage":{"@id":"https:\/\/www.akustikforschung.de\/unternehmen\/nachrichten\/kompressionsprobenhalter\/"},"wordCount":142,"commentCount":0,"image":{"@id":"https:\/\/www.akustikforschung.de\/unternehmen\/nachrichten\/kompressionsprobenhalter\/#primaryimage"},"thumbnailUrl":"https:\/\/www.akustikforschung.de\/wp-content\/uploads\/2014\/07\/afd1200_06_kompressionsprobenhalter_ed4_ws.jpg","keywords":["impedance tube","Kompression","Kompressionsprobenhalter","sound absorption coefficient","airflow resistance","airflow resistivity meter"],"articleSection":["News"],"inLanguage":"en-US","potentialAction":[{"@type":"CommentAction","name":"Comment","target":["https:\/\/www.akustikforschung.de\/unternehmen\/nachrichten\/kompressionsprobenhalter\/#respond"]}]},{"@type":"WebPage","@id":"https:\/\/www.akustikforschung.de\/unternehmen\/nachrichten\/kompressionsprobenhalter\/","url":"https:\/\/www.akustikforschung.de\/unternehmen\/nachrichten\/kompressionsprobenhalter\/","name":"Kompressionsprobenhalter f\u00fcr Impedanzrohr, Messung bei Kompression","isPartOf":{"@id":"https:\/\/www.akustikforschung.de\/#website"},"primaryImageOfPage":{"@id":"https:\/\/www.akustikforschung.de\/unternehmen\/nachrichten\/kompressionsprobenhalter\/#primaryimage"},"image":{"@id":"https:\/\/www.akustikforschung.de\/unternehmen\/nachrichten\/kompressionsprobenhalter\/#primaryimage"},"thumbnailUrl":"https:\/\/www.akustikforschung.de\/wp-content\/uploads\/2014\/07\/afd1200_06_kompressionsprobenhalter_ed4_ws.jpg","datePublished":"2014-07-31T12:41:06+00:00","dateModified":"2021-03-17T16:47:55+00:00","author":{"@id":"https:\/\/www.akustikforschung.de\/#\/schema\/person\/7e29605eb1dbc973ce95e26bf68a3221"},"description":"Kompressionsprobenhalter f\u00fcr Impedanzrohr und Str\u00f6mungswiderstandsmessger\u00e4t, Messung Schallabsorption, Str\u00f6mungswiderstand bei Kompression.","breadcrumb":{"@id":"https:\/\/www.akustikforschung.de\/unternehmen\/nachrichten\/kompressionsprobenhalter\/#breadcrumb"},"inLanguage":"en-US","potentialAction":[{"@type":"ReadAction","target":["https:\/\/www.akustikforschung.de\/unternehmen\/nachrichten\/kompressionsprobenhalter\/"]}]},{"@type":"ImageObject","inLanguage":"en-US","@id":"https:\/\/www.akustikforschung.de\/unternehmen\/nachrichten\/kompressionsprobenhalter\/#primaryimage","url":"https:\/\/www.akustikforschung.de\/wp-content\/uploads\/2014\/07\/afd1200_06_kompressionsprobenhalter_ed4_ws.jpg","contentUrl":"https:\/\/www.akustikforschung.de\/wp-content\/uploads\/2014\/07\/afd1200_06_kompressionsprobenhalter_ed4_ws.jpg","width":800,"height":800},{"@type":"BreadcrumbList","@id":"https:\/\/www.akustikforschung.de\/unternehmen\/nachrichten\/kompressionsprobenhalter\/#breadcrumb","itemListElement":[{"@type":"ListItem","position":1,"name":"Home","item":"https:\/\/www.akustikforschung.de\/"},{"@type":"ListItem","position":2,"name":"Kompressionsprobenhalter f\u00fcr Impedanzrohr"}]},{"@type":"WebSite","@id":"https:\/\/www.akustikforschung.de\/#website","url":"https:\/\/www.akustikforschung.de\/","name":"Gesellschaft f\u00fcr Akustikforschung Dresden mbH","description":"Research &amp; Development - Test - Consultancy","potentialAction":[{"@type":"SearchAction","target":{"@type":"EntryPoint","urlTemplate":"https:\/\/www.akustikforschung.de\/?s={search_term_string}"},"query-input":{"@type":"PropertyValueSpecification","valueRequired":true,"valueName":"search_term_string"}}],"inLanguage":"en-US"},{"@type":"Person","@id":"https:\/\/www.akustikforschung.de\/#\/schema\/person\/7e29605eb1dbc973ce95e26bf68a3221","name":"schulze","image":{"@type":"ImageObject","inLanguage":"en-US","@id":"https:\/\/www.akustikforschung.de\/#\/schema\/person\/image\/","url":"https:\/\/secure.gravatar.com\/avatar\/bdd409e9d04a05bcbb3fe62300803322c5369903065b31760230384d19fc5b3d?s=96&d=mm&r=g","contentUrl":"https:\/\/secure.gravatar.com\/avatar\/bdd409e9d04a05bcbb3fe62300803322c5369903065b31760230384d19fc5b3d?s=96&d=mm&r=g","caption":"schulze"},"url":"https:\/\/www.akustikforschung.de\/en\/author\/schulze\/"}]}},"_links":{"self":[{"href":"https:\/\/www.akustikforschung.de\/en\/wp-json\/wp\/v2\/posts\/7606","targetHints":{"allow":["GET"]}}],"collection":[{"href":"https:\/\/www.akustikforschung.de\/en\/wp-json\/wp\/v2\/posts"}],"about":[{"href":"https:\/\/www.akustikforschung.de\/en\/wp-json\/wp\/v2\/types\/post"}],"author":[{"embeddable":true,"href":"https:\/\/www.akustikforschung.de\/en\/wp-json\/wp\/v2\/users\/2"}],"replies":[{"embeddable":true,"href":"https:\/\/www.akustikforschung.de\/en\/wp-json\/wp\/v2\/comments?post=7606"}],"version-history":[{"count":3,"href":"https:\/\/www.akustikforschung.de\/en\/wp-json\/wp\/v2\/posts\/7606\/revisions"}],"predecessor-version":[{"id":11331,"href":"https:\/\/www.akustikforschung.de\/en\/wp-json\/wp\/v2\/posts\/7606\/revisions\/11331"}],"wp:featuredmedia":[{"embeddable":true,"href":"https:\/\/www.akustikforschung.de\/en\/wp-json\/wp\/v2\/media\/7617"}],"wp:attachment":[{"href":"https:\/\/www.akustikforschung.de\/en\/wp-json\/wp\/v2\/media?parent=7606"}],"wp:term":[{"taxonomy":"category","embeddable":true,"href":"https:\/\/www.akustikforschung.de\/en\/wp-json\/wp\/v2\/categories?post=7606"},{"taxonomy":"post_tag","embeddable":true,"href":"https:\/\/www.akustikforschung.de\/en\/wp-json\/wp\/v2\/tags?post=7606"}],"curies":[{"name":"wp","href":"https:\/\/api.w.org\/{rel}","templated":true}]}}