{"id":8817,"date":"2014-09-22T10:47:09","date_gmt":"2014-09-22T10:47:09","guid":{"rendered":"https:\/\/www.akustik-forschung.de\/test\/?p=8817"},"modified":"2021-03-17T17:39:32","modified_gmt":"2021-03-17T16:39:32","slug":"neues-messlabor","status":"publish","type":"post","link":"https:\/\/www.akustikforschung.de\/en\/unternehmen\/nachrichten\/neues-messlabor\/","title":{"rendered":"New measurement laboratory"},"content":{"rendered":"<p><a href=\"https:\/\/www.akustikforschung.de\/wp-content\/uploads\/2014\/12\/messlabor_01_ed_ws.jpg\" rel=\"gallery\"><img loading=\"lazy\" decoding=\"async\" class=\"alignright wp-image-8818 size-medium\" src=\"https:\/\/www.akustikforschung.de\/wp-content\/uploads\/2014\/12\/messlabor_01_ed_ws-300x199.jpg\" alt=\"New measurement laboratory - Measurements to evaluate mufflers and silencers in the test setup and in situ at the device, measurements in the field of automotive engineering, test setups for determining the influence of airflow as well as material parameters according to standard procedures\" width=\"300\" height=\"199\" srcset=\"https:\/\/www.akustikforschung.de\/wp-content\/uploads\/2014\/12\/messlabor_01_ed_ws-300x199.jpg 300w, https:\/\/www.akustikforschung.de\/wp-content\/uploads\/2014\/12\/messlabor_01_ed_ws-640x425.jpg 640w, https:\/\/www.akustikforschung.de\/wp-content\/uploads\/2014\/12\/messlabor_01_ed_ws-440x292.jpg 440w, https:\/\/www.akustikforschung.de\/wp-content\/uploads\/2014\/12\/messlabor_01_ed_ws.jpg 1024w\" sizes=\"auto, (max-width: 300px) 100vw, 300px\" \/><\/a><\/p>\n<p>In October 2014, the Gesellschaft f\u00fcr Akustikforschung extended its business premises by a new measurement laboratory. Since then, the rooms are especially available for measurements to evaluate mufflers and silencers in the test setup and in situ at the device as well as for measurements in the field of automotive engineering.<\/p>\n<p>The test setups for determining the influence of airflow as well as material parameters according to standard procedures moved into the new measurement laboratory as well.<\/p>","protected":false},"excerpt":{"rendered":"<p>New laboratory allows measurements at mufflers and silencers on the test setup and in situ at the device.<\/p>\n","protected":false},"author":2,"featured_media":8819,"comment_status":"open","ping_status":"open","sticky":false,"template":"","format":"standard","meta":{"footnotes":""},"categories":[7],"tags":[520,635,636,632,634,633,168,494],"class_list":["post-8817","post","type-post","status-publish","format-standard","has-post-thumbnail","hentry","category-nachrichten","tag-akustik","tag-fahrzeugen","tag-geraet","tag-messlabor","tag-messungen","tag-pruefstand","tag-schalldampfer","tag-schwingung","no-content-parts"],"yoast_head":"<!-- This site is optimized with the Yoast SEO plugin v26.9 - https:\/\/yoast.com\/product\/yoast-seo-wordpress\/ -->\n<title>Neues Messlabor - Messungen an Schalld\u00e4mpfern, Ger\u00e4ten, Fahrzeugen<\/title>\n<meta name=\"description\" content=\"Neues Messlabor - messtechnische Untersuchung von Schalld\u00e4mpfern im Pr\u00fcfstand und direkt am Ger\u00e4t, Messung an Fahrzeugen, Akustik, Schwingung\" \/>\n<meta name=\"robots\" content=\"index, follow, max-snippet:-1, max-image-preview:large, max-video-preview:-1\" \/>\n<link rel=\"canonical\" href=\"https:\/\/www.akustikforschung.de\/unternehmen\/nachrichten\/neues-messlabor\/\" \/>\n<meta property=\"og:locale\" content=\"en_US\" \/>\n<meta property=\"og:type\" content=\"article\" \/>\n<meta property=\"og:title\" content=\"Neues Messlabor - Messungen an Schalld\u00e4mpfern, Ger\u00e4ten, Fahrzeugen\" \/>\n<meta property=\"og:description\" content=\"Neues Messlabor - messtechnische Untersuchung von Schalld\u00e4mpfern im Pr\u00fcfstand und direkt am Ger\u00e4t, Messung an Fahrzeugen, Akustik, Schwingung\" \/>\n<meta property=\"og:url\" content=\"https:\/\/www.akustikforschung.de\/unternehmen\/nachrichten\/neues-messlabor\/\" \/>\n<meta property=\"og:site_name\" content=\"Gesellschaft f\u00fcr Akustikforschung Dresden mbH\" \/>\n<meta property=\"article:published_time\" content=\"2014-09-22T10:47:09+00:00\" \/>\n<meta property=\"article:modified_time\" content=\"2021-03-17T16:39:32+00:00\" \/>\n<meta property=\"og:image\" content=\"https:\/\/www.akustikforschung.de\/wp-content\/uploads\/2014\/12\/messlabor_02_ed_ws.jpg\" \/>\n\t<meta property=\"og:image:width\" content=\"1024\" \/>\n\t<meta property=\"og:image:height\" content=\"1024\" \/>\n\t<meta property=\"og:image:type\" content=\"image\/jpeg\" \/>\n<meta name=\"author\" content=\"schulze\" \/>\n<meta name=\"twitter:label1\" content=\"Written by\" \/>\n\t<meta name=\"twitter:data1\" content=\"schulze\" \/>\n\t<meta name=\"twitter:label2\" content=\"Est. reading time\" \/>\n\t<meta name=\"twitter:data2\" content=\"1 minute\" \/>\n<script type=\"application\/ld+json\" class=\"yoast-schema-graph\">{\"@context\":\"https:\/\/schema.org\",\"@graph\":[{\"@type\":\"Article\",\"@id\":\"https:\/\/www.akustikforschung.de\/unternehmen\/nachrichten\/neues-messlabor\/#article\",\"isPartOf\":{\"@id\":\"https:\/\/www.akustikforschung.de\/unternehmen\/nachrichten\/neues-messlabor\/\"},\"author\":{\"name\":\"schulze\",\"@id\":\"https:\/\/www.akustikforschung.de\/#\/schema\/person\/7e29605eb1dbc973ce95e26bf68a3221\"},\"headline\":\"New measurement laboratory\",\"datePublished\":\"2014-09-22T10:47:09+00:00\",\"dateModified\":\"2021-03-17T16:39:32+00:00\",\"mainEntityOfPage\":{\"@id\":\"https:\/\/www.akustikforschung.de\/unternehmen\/nachrichten\/neues-messlabor\/\"},\"wordCount\":157,\"commentCount\":0,\"image\":{\"@id\":\"https:\/\/www.akustikforschung.de\/unternehmen\/nachrichten\/neues-messlabor\/#primaryimage\"},\"thumbnailUrl\":\"https:\/\/www.akustikforschung.de\/wp-content\/uploads\/2014\/12\/messlabor_02_ed_ws.jpg\",\"keywords\":[\"acoustics\",\"Fahrzeugen\",\"Ger\u00e4t\",\"Messlabor\",\"Messungen\",\"Pr\u00fcfstand\",\"Muffler\",\"vibration\"],\"articleSection\":[\"News\"],\"inLanguage\":\"en-US\",\"potentialAction\":[{\"@type\":\"CommentAction\",\"name\":\"Comment\",\"target\":[\"https:\/\/www.akustikforschung.de\/unternehmen\/nachrichten\/neues-messlabor\/#respond\"]}]},{\"@type\":\"WebPage\",\"@id\":\"https:\/\/www.akustikforschung.de\/unternehmen\/nachrichten\/neues-messlabor\/\",\"url\":\"https:\/\/www.akustikforschung.de\/unternehmen\/nachrichten\/neues-messlabor\/\",\"name\":\"Neues Messlabor - Messungen an Schalld\u00e4mpfern, Ger\u00e4ten, Fahrzeugen\",\"isPartOf\":{\"@id\":\"https:\/\/www.akustikforschung.de\/#website\"},\"primaryImageOfPage\":{\"@id\":\"https:\/\/www.akustikforschung.de\/unternehmen\/nachrichten\/neues-messlabor\/#primaryimage\"},\"image\":{\"@id\":\"https:\/\/www.akustikforschung.de\/unternehmen\/nachrichten\/neues-messlabor\/#primaryimage\"},\"thumbnailUrl\":\"https:\/\/www.akustikforschung.de\/wp-content\/uploads\/2014\/12\/messlabor_02_ed_ws.jpg\",\"datePublished\":\"2014-09-22T10:47:09+00:00\",\"dateModified\":\"2021-03-17T16:39:32+00:00\",\"author\":{\"@id\":\"https:\/\/www.akustikforschung.de\/#\/schema\/person\/7e29605eb1dbc973ce95e26bf68a3221\"},\"description\":\"Neues Messlabor - messtechnische Untersuchung von Schalld\u00e4mpfern im Pr\u00fcfstand und direkt am Ger\u00e4t, Messung an Fahrzeugen, Akustik, Schwingung\",\"breadcrumb\":{\"@id\":\"https:\/\/www.akustikforschung.de\/unternehmen\/nachrichten\/neues-messlabor\/#breadcrumb\"},\"inLanguage\":\"en-US\",\"potentialAction\":[{\"@type\":\"ReadAction\",\"target\":[\"https:\/\/www.akustikforschung.de\/unternehmen\/nachrichten\/neues-messlabor\/\"]}]},{\"@type\":\"ImageObject\",\"inLanguage\":\"en-US\",\"@id\":\"https:\/\/www.akustikforschung.de\/unternehmen\/nachrichten\/neues-messlabor\/#primaryimage\",\"url\":\"https:\/\/www.akustikforschung.de\/wp-content\/uploads\/2014\/12\/messlabor_02_ed_ws.jpg\",\"contentUrl\":\"https:\/\/www.akustikforschung.de\/wp-content\/uploads\/2014\/12\/messlabor_02_ed_ws.jpg\",\"width\":1024,\"height\":1024},{\"@type\":\"BreadcrumbList\",\"@id\":\"https:\/\/www.akustikforschung.de\/unternehmen\/nachrichten\/neues-messlabor\/#breadcrumb\",\"itemListElement\":[{\"@type\":\"ListItem\",\"position\":1,\"name\":\"Home\",\"item\":\"https:\/\/www.akustikforschung.de\/\"},{\"@type\":\"ListItem\",\"position\":2,\"name\":\"Neues Messlabor\"}]},{\"@type\":\"WebSite\",\"@id\":\"https:\/\/www.akustikforschung.de\/#website\",\"url\":\"https:\/\/www.akustikforschung.de\/\",\"name\":\"Gesellschaft f\u00fcr Akustikforschung Dresden mbH\",\"description\":\"Research &amp; Development - Test - Consultancy\",\"potentialAction\":[{\"@type\":\"SearchAction\",\"target\":{\"@type\":\"EntryPoint\",\"urlTemplate\":\"https:\/\/www.akustikforschung.de\/?s={search_term_string}\"},\"query-input\":{\"@type\":\"PropertyValueSpecification\",\"valueRequired\":true,\"valueName\":\"search_term_string\"}}],\"inLanguage\":\"en-US\"},{\"@type\":\"Person\",\"@id\":\"https:\/\/www.akustikforschung.de\/#\/schema\/person\/7e29605eb1dbc973ce95e26bf68a3221\",\"name\":\"schulze\",\"image\":{\"@type\":\"ImageObject\",\"inLanguage\":\"en-US\",\"@id\":\"https:\/\/www.akustikforschung.de\/#\/schema\/person\/image\/\",\"url\":\"https:\/\/secure.gravatar.com\/avatar\/bdd409e9d04a05bcbb3fe62300803322c5369903065b31760230384d19fc5b3d?s=96&d=mm&r=g\",\"contentUrl\":\"https:\/\/secure.gravatar.com\/avatar\/bdd409e9d04a05bcbb3fe62300803322c5369903065b31760230384d19fc5b3d?s=96&d=mm&r=g\",\"caption\":\"schulze\"},\"url\":\"https:\/\/www.akustikforschung.de\/en\/author\/schulze\/\"}]}<\/script>\n<!-- \/ Yoast SEO plugin. -->","yoast_head_json":{"title":"Neues Messlabor - Messungen an Schalld\u00e4mpfern, Ger\u00e4ten, Fahrzeugen","description":"Neues Messlabor - messtechnische Untersuchung von Schalld\u00e4mpfern im Pr\u00fcfstand und direkt am Ger\u00e4t, Messung an Fahrzeugen, Akustik, Schwingung","robots":{"index":"index","follow":"follow","max-snippet":"max-snippet:-1","max-image-preview":"max-image-preview:large","max-video-preview":"max-video-preview:-1"},"canonical":"https:\/\/www.akustikforschung.de\/unternehmen\/nachrichten\/neues-messlabor\/","og_locale":"en_US","og_type":"article","og_title":"Neues Messlabor - Messungen an Schalld\u00e4mpfern, Ger\u00e4ten, Fahrzeugen","og_description":"Neues Messlabor - messtechnische Untersuchung von Schalld\u00e4mpfern im Pr\u00fcfstand und direkt am Ger\u00e4t, Messung an Fahrzeugen, Akustik, Schwingung","og_url":"https:\/\/www.akustikforschung.de\/unternehmen\/nachrichten\/neues-messlabor\/","og_site_name":"Gesellschaft f\u00fcr Akustikforschung Dresden mbH","article_published_time":"2014-09-22T10:47:09+00:00","article_modified_time":"2021-03-17T16:39:32+00:00","og_image":[{"width":1024,"height":1024,"url":"https:\/\/www.akustikforschung.de\/wp-content\/uploads\/2014\/12\/messlabor_02_ed_ws.jpg","type":"image\/jpeg"}],"author":"schulze","twitter_misc":{"Written by":"schulze","Est. reading time":"1 minute"},"schema":{"@context":"https:\/\/schema.org","@graph":[{"@type":"Article","@id":"https:\/\/www.akustikforschung.de\/unternehmen\/nachrichten\/neues-messlabor\/#article","isPartOf":{"@id":"https:\/\/www.akustikforschung.de\/unternehmen\/nachrichten\/neues-messlabor\/"},"author":{"name":"schulze","@id":"https:\/\/www.akustikforschung.de\/#\/schema\/person\/7e29605eb1dbc973ce95e26bf68a3221"},"headline":"New measurement laboratory","datePublished":"2014-09-22T10:47:09+00:00","dateModified":"2021-03-17T16:39:32+00:00","mainEntityOfPage":{"@id":"https:\/\/www.akustikforschung.de\/unternehmen\/nachrichten\/neues-messlabor\/"},"wordCount":157,"commentCount":0,"image":{"@id":"https:\/\/www.akustikforschung.de\/unternehmen\/nachrichten\/neues-messlabor\/#primaryimage"},"thumbnailUrl":"https:\/\/www.akustikforschung.de\/wp-content\/uploads\/2014\/12\/messlabor_02_ed_ws.jpg","keywords":["acoustics","Fahrzeugen","Ger\u00e4t","Messlabor","Messungen","Pr\u00fcfstand","Muffler","vibration"],"articleSection":["News"],"inLanguage":"en-US","potentialAction":[{"@type":"CommentAction","name":"Comment","target":["https:\/\/www.akustikforschung.de\/unternehmen\/nachrichten\/neues-messlabor\/#respond"]}]},{"@type":"WebPage","@id":"https:\/\/www.akustikforschung.de\/unternehmen\/nachrichten\/neues-messlabor\/","url":"https:\/\/www.akustikforschung.de\/unternehmen\/nachrichten\/neues-messlabor\/","name":"Neues Messlabor - Messungen an Schalld\u00e4mpfern, Ger\u00e4ten, Fahrzeugen","isPartOf":{"@id":"https:\/\/www.akustikforschung.de\/#website"},"primaryImageOfPage":{"@id":"https:\/\/www.akustikforschung.de\/unternehmen\/nachrichten\/neues-messlabor\/#primaryimage"},"image":{"@id":"https:\/\/www.akustikforschung.de\/unternehmen\/nachrichten\/neues-messlabor\/#primaryimage"},"thumbnailUrl":"https:\/\/www.akustikforschung.de\/wp-content\/uploads\/2014\/12\/messlabor_02_ed_ws.jpg","datePublished":"2014-09-22T10:47:09+00:00","dateModified":"2021-03-17T16:39:32+00:00","author":{"@id":"https:\/\/www.akustikforschung.de\/#\/schema\/person\/7e29605eb1dbc973ce95e26bf68a3221"},"description":"Neues Messlabor - messtechnische Untersuchung von Schalld\u00e4mpfern im Pr\u00fcfstand und direkt am Ger\u00e4t, Messung an Fahrzeugen, Akustik, Schwingung","breadcrumb":{"@id":"https:\/\/www.akustikforschung.de\/unternehmen\/nachrichten\/neues-messlabor\/#breadcrumb"},"inLanguage":"en-US","potentialAction":[{"@type":"ReadAction","target":["https:\/\/www.akustikforschung.de\/unternehmen\/nachrichten\/neues-messlabor\/"]}]},{"@type":"ImageObject","inLanguage":"en-US","@id":"https:\/\/www.akustikforschung.de\/unternehmen\/nachrichten\/neues-messlabor\/#primaryimage","url":"https:\/\/www.akustikforschung.de\/wp-content\/uploads\/2014\/12\/messlabor_02_ed_ws.jpg","contentUrl":"https:\/\/www.akustikforschung.de\/wp-content\/uploads\/2014\/12\/messlabor_02_ed_ws.jpg","width":1024,"height":1024},{"@type":"BreadcrumbList","@id":"https:\/\/www.akustikforschung.de\/unternehmen\/nachrichten\/neues-messlabor\/#breadcrumb","itemListElement":[{"@type":"ListItem","position":1,"name":"Home","item":"https:\/\/www.akustikforschung.de\/"},{"@type":"ListItem","position":2,"name":"Neues Messlabor"}]},{"@type":"WebSite","@id":"https:\/\/www.akustikforschung.de\/#website","url":"https:\/\/www.akustikforschung.de\/","name":"Gesellschaft f\u00fcr Akustikforschung Dresden mbH","description":"Research &amp; Development - Test - Consultancy","potentialAction":[{"@type":"SearchAction","target":{"@type":"EntryPoint","urlTemplate":"https:\/\/www.akustikforschung.de\/?s={search_term_string}"},"query-input":{"@type":"PropertyValueSpecification","valueRequired":true,"valueName":"search_term_string"}}],"inLanguage":"en-US"},{"@type":"Person","@id":"https:\/\/www.akustikforschung.de\/#\/schema\/person\/7e29605eb1dbc973ce95e26bf68a3221","name":"schulze","image":{"@type":"ImageObject","inLanguage":"en-US","@id":"https:\/\/www.akustikforschung.de\/#\/schema\/person\/image\/","url":"https:\/\/secure.gravatar.com\/avatar\/bdd409e9d04a05bcbb3fe62300803322c5369903065b31760230384d19fc5b3d?s=96&d=mm&r=g","contentUrl":"https:\/\/secure.gravatar.com\/avatar\/bdd409e9d04a05bcbb3fe62300803322c5369903065b31760230384d19fc5b3d?s=96&d=mm&r=g","caption":"schulze"},"url":"https:\/\/www.akustikforschung.de\/en\/author\/schulze\/"}]}},"_links":{"self":[{"href":"https:\/\/www.akustikforschung.de\/en\/wp-json\/wp\/v2\/posts\/8817","targetHints":{"allow":["GET"]}}],"collection":[{"href":"https:\/\/www.akustikforschung.de\/en\/wp-json\/wp\/v2\/posts"}],"about":[{"href":"https:\/\/www.akustikforschung.de\/en\/wp-json\/wp\/v2\/types\/post"}],"author":[{"embeddable":true,"href":"https:\/\/www.akustikforschung.de\/en\/wp-json\/wp\/v2\/users\/2"}],"replies":[{"embeddable":true,"href":"https:\/\/www.akustikforschung.de\/en\/wp-json\/wp\/v2\/comments?post=8817"}],"version-history":[{"count":2,"href":"https:\/\/www.akustikforschung.de\/en\/wp-json\/wp\/v2\/posts\/8817\/revisions"}],"predecessor-version":[{"id":11329,"href":"https:\/\/www.akustikforschung.de\/en\/wp-json\/wp\/v2\/posts\/8817\/revisions\/11329"}],"wp:featuredmedia":[{"embeddable":true,"href":"https:\/\/www.akustikforschung.de\/en\/wp-json\/wp\/v2\/media\/8819"}],"wp:attachment":[{"href":"https:\/\/www.akustikforschung.de\/en\/wp-json\/wp\/v2\/media?parent=8817"}],"wp:term":[{"taxonomy":"category","embeddable":true,"href":"https:\/\/www.akustikforschung.de\/en\/wp-json\/wp\/v2\/categories?post=8817"},{"taxonomy":"post_tag","embeddable":true,"href":"https:\/\/www.akustikforschung.de\/en\/wp-json\/wp\/v2\/tags?post=8817"}],"curies":[{"name":"wp","href":"https:\/\/api.w.org\/{rel}","templated":true}]}}