{"id":9440,"date":"2015-08-01T16:35:22","date_gmt":"2015-08-01T16:35:22","guid":{"rendered":"https:\/\/www.akustik-forschung.de\/test\/?p=9440"},"modified":"2017-01-12T10:28:36","modified_gmt":"2017-01-12T10:28:36","slug":"oma-operational-modal-analysis-an-strasen","status":"publish","type":"post","link":"https:\/\/www.akustikforschung.de\/en\/unternehmen\/veroffentlichungen\/oma-operational-modal-analysis-an-strasen\/","title":{"rendered":"OMA &#8211; Operational Modal Analysis an Stra\u00dfen"},"content":{"rendered":"<p><br \/>\nC. Schulze, M. Ruhnau, J. H\u00fcbelt: <em>Operational Modal Analysis (OMA) an Stra\u00dfen. <\/em>Forschung Stra\u00dfenbau und Stra\u00dfenverkehrstechnik, Forschungsberichte aus dem Forschungsprogramm des Bundesministeriums f\u00fcr Verkehr und digitale Infrastruktur und der Forschungsgesellschaft f\u00fcr Stra\u00dfen- und Verkehrswesen e.V., Heft 1117, Juli 2015.<\/p>","protected":false},"excerpt":{"rendered":"<p>C. Schulze, M. Ruhnau, J. H\u00fcbelt: Operational Modal Analysis (OMA) an Stra\u00dfen. Forschung Stra\u00dfenbau und Stra\u00dfenverkehrstechnik, Forschungsberichte aus dem Forschungsprogramm [&hellip;]<\/p>\n","protected":false},"author":2,"featured_media":0,"comment_status":"open","ping_status":"open","sticky":false,"template":"","format":"standard","meta":{"footnotes":""},"categories":[18],"tags":[183,439],"class_list":["post-9440","post","type-post","status-publish","format-standard","hentry","category-veroffentlichungen","tag-modalanalyse","tag-oma","no-content-parts"],"yoast_head":"<!-- This site is optimized with the Yoast SEO plugin v26.9 - https:\/\/yoast.com\/product\/yoast-seo-wordpress\/ -->\n<title>OMA - Operational Modal Analysis an Stra\u00dfen, Modalanalyse<\/title>\n<meta name=\"description\" content=\"OMA - Operational Modal Analysis an Stra\u00dfen, Modalanalyse, K\u00f6rperschalld\u00e4mpfung.\" \/>\n<meta name=\"robots\" content=\"index, follow, max-snippet:-1, max-image-preview:large, max-video-preview:-1\" \/>\n<link rel=\"canonical\" href=\"https:\/\/www.akustikforschung.de\/en\/unternehmen\/veroffentlichungen\/oma-operational-modal-analysis-an-strasen\/\" \/>\n<meta property=\"og:locale\" content=\"en_US\" \/>\n<meta property=\"og:type\" content=\"article\" \/>\n<meta property=\"og:title\" content=\"OMA - Operational Modal Analysis an Stra\u00dfen, Modalanalyse\" \/>\n<meta property=\"og:description\" content=\"OMA - Operational Modal Analysis an Stra\u00dfen, Modalanalyse, K\u00f6rperschalld\u00e4mpfung.\" \/>\n<meta property=\"og:url\" content=\"https:\/\/www.akustikforschung.de\/en\/unternehmen\/veroffentlichungen\/oma-operational-modal-analysis-an-strasen\/\" \/>\n<meta property=\"og:site_name\" content=\"Gesellschaft f\u00fcr Akustikforschung Dresden mbH\" \/>\n<meta property=\"article:published_time\" content=\"2015-08-01T16:35:22+00:00\" \/>\n<meta property=\"article:modified_time\" content=\"2017-01-12T10:28:36+00:00\" \/>\n<meta name=\"author\" content=\"schulze\" \/>\n<meta name=\"twitter:label1\" content=\"Written by\" \/>\n\t<meta name=\"twitter:data1\" content=\"schulze\" \/>\n<script type=\"application\/ld+json\" class=\"yoast-schema-graph\">{\"@context\":\"https:\/\/schema.org\",\"@graph\":[{\"@type\":\"Article\",\"@id\":\"https:\/\/www.akustikforschung.de\/en\/unternehmen\/veroffentlichungen\/oma-operational-modal-analysis-an-strasen\/#article\",\"isPartOf\":{\"@id\":\"https:\/\/www.akustikforschung.de\/en\/unternehmen\/veroffentlichungen\/oma-operational-modal-analysis-an-strasen\/\"},\"author\":{\"name\":\"schulze\",\"@id\":\"https:\/\/www.akustikforschung.de\/#\/schema\/person\/7e29605eb1dbc973ce95e26bf68a3221\"},\"headline\":\"OMA &#8211; Operational Modal Analysis an Stra\u00dfen\",\"datePublished\":\"2015-08-01T16:35:22+00:00\",\"dateModified\":\"2017-01-12T10:28:36+00:00\",\"mainEntityOfPage\":{\"@id\":\"https:\/\/www.akustikforschung.de\/en\/unternehmen\/veroffentlichungen\/oma-operational-modal-analysis-an-strasen\/\"},\"wordCount\":110,\"commentCount\":0,\"keywords\":[\"modal analysis\",\"OMA\"],\"articleSection\":[\"Publications\"],\"inLanguage\":\"en-US\",\"potentialAction\":[{\"@type\":\"CommentAction\",\"name\":\"Comment\",\"target\":[\"https:\/\/www.akustikforschung.de\/en\/unternehmen\/veroffentlichungen\/oma-operational-modal-analysis-an-strasen\/#respond\"]}]},{\"@type\":\"WebPage\",\"@id\":\"https:\/\/www.akustikforschung.de\/en\/unternehmen\/veroffentlichungen\/oma-operational-modal-analysis-an-strasen\/\",\"url\":\"https:\/\/www.akustikforschung.de\/en\/unternehmen\/veroffentlichungen\/oma-operational-modal-analysis-an-strasen\/\",\"name\":\"OMA - Operational Modal Analysis an Stra\u00dfen, Modalanalyse\",\"isPartOf\":{\"@id\":\"https:\/\/www.akustikforschung.de\/#website\"},\"datePublished\":\"2015-08-01T16:35:22+00:00\",\"dateModified\":\"2017-01-12T10:28:36+00:00\",\"author\":{\"@id\":\"https:\/\/www.akustikforschung.de\/#\/schema\/person\/7e29605eb1dbc973ce95e26bf68a3221\"},\"description\":\"OMA - Operational Modal Analysis an Stra\u00dfen, Modalanalyse, K\u00f6rperschalld\u00e4mpfung.\",\"breadcrumb\":{\"@id\":\"https:\/\/www.akustikforschung.de\/en\/unternehmen\/veroffentlichungen\/oma-operational-modal-analysis-an-strasen\/#breadcrumb\"},\"inLanguage\":\"en-US\",\"potentialAction\":[{\"@type\":\"ReadAction\",\"target\":[\"https:\/\/www.akustikforschung.de\/en\/unternehmen\/veroffentlichungen\/oma-operational-modal-analysis-an-strasen\/\"]}]},{\"@type\":\"BreadcrumbList\",\"@id\":\"https:\/\/www.akustikforschung.de\/en\/unternehmen\/veroffentlichungen\/oma-operational-modal-analysis-an-strasen\/#breadcrumb\",\"itemListElement\":[{\"@type\":\"ListItem\",\"position\":1,\"name\":\"Home\",\"item\":\"https:\/\/www.akustikforschung.de\/\"},{\"@type\":\"ListItem\",\"position\":2,\"name\":\"OMA &#8211; Operational Modal Analysis an Stra\u00dfen\"}]},{\"@type\":\"WebSite\",\"@id\":\"https:\/\/www.akustikforschung.de\/#website\",\"url\":\"https:\/\/www.akustikforschung.de\/\",\"name\":\"Gesellschaft f\u00fcr Akustikforschung Dresden mbH\",\"description\":\"Research &amp; Development - Test - Consultancy\",\"potentialAction\":[{\"@type\":\"SearchAction\",\"target\":{\"@type\":\"EntryPoint\",\"urlTemplate\":\"https:\/\/www.akustikforschung.de\/?s={search_term_string}\"},\"query-input\":{\"@type\":\"PropertyValueSpecification\",\"valueRequired\":true,\"valueName\":\"search_term_string\"}}],\"inLanguage\":\"en-US\"},{\"@type\":\"Person\",\"@id\":\"https:\/\/www.akustikforschung.de\/#\/schema\/person\/7e29605eb1dbc973ce95e26bf68a3221\",\"name\":\"schulze\",\"image\":{\"@type\":\"ImageObject\",\"inLanguage\":\"en-US\",\"@id\":\"https:\/\/www.akustikforschung.de\/#\/schema\/person\/image\/\",\"url\":\"https:\/\/secure.gravatar.com\/avatar\/bdd409e9d04a05bcbb3fe62300803322c5369903065b31760230384d19fc5b3d?s=96&d=mm&r=g\",\"contentUrl\":\"https:\/\/secure.gravatar.com\/avatar\/bdd409e9d04a05bcbb3fe62300803322c5369903065b31760230384d19fc5b3d?s=96&d=mm&r=g\",\"caption\":\"schulze\"},\"url\":\"https:\/\/www.akustikforschung.de\/en\/author\/schulze\/\"}]}<\/script>\n<!-- \/ Yoast SEO plugin. -->","yoast_head_json":{"title":"OMA - Operational Modal Analysis an Stra\u00dfen, Modalanalyse","description":"OMA - Operational Modal Analysis an Stra\u00dfen, Modalanalyse, K\u00f6rperschalld\u00e4mpfung.","robots":{"index":"index","follow":"follow","max-snippet":"max-snippet:-1","max-image-preview":"max-image-preview:large","max-video-preview":"max-video-preview:-1"},"canonical":"https:\/\/www.akustikforschung.de\/en\/unternehmen\/veroffentlichungen\/oma-operational-modal-analysis-an-strasen\/","og_locale":"en_US","og_type":"article","og_title":"OMA - Operational Modal Analysis an Stra\u00dfen, Modalanalyse","og_description":"OMA - Operational Modal Analysis an Stra\u00dfen, Modalanalyse, K\u00f6rperschalld\u00e4mpfung.","og_url":"https:\/\/www.akustikforschung.de\/en\/unternehmen\/veroffentlichungen\/oma-operational-modal-analysis-an-strasen\/","og_site_name":"Gesellschaft f\u00fcr Akustikforschung Dresden mbH","article_published_time":"2015-08-01T16:35:22+00:00","article_modified_time":"2017-01-12T10:28:36+00:00","author":"schulze","twitter_misc":{"Written by":"schulze"},"schema":{"@context":"https:\/\/schema.org","@graph":[{"@type":"Article","@id":"https:\/\/www.akustikforschung.de\/en\/unternehmen\/veroffentlichungen\/oma-operational-modal-analysis-an-strasen\/#article","isPartOf":{"@id":"https:\/\/www.akustikforschung.de\/en\/unternehmen\/veroffentlichungen\/oma-operational-modal-analysis-an-strasen\/"},"author":{"name":"schulze","@id":"https:\/\/www.akustikforschung.de\/#\/schema\/person\/7e29605eb1dbc973ce95e26bf68a3221"},"headline":"OMA &#8211; Operational Modal Analysis an Stra\u00dfen","datePublished":"2015-08-01T16:35:22+00:00","dateModified":"2017-01-12T10:28:36+00:00","mainEntityOfPage":{"@id":"https:\/\/www.akustikforschung.de\/en\/unternehmen\/veroffentlichungen\/oma-operational-modal-analysis-an-strasen\/"},"wordCount":110,"commentCount":0,"keywords":["modal analysis","OMA"],"articleSection":["Publications"],"inLanguage":"en-US","potentialAction":[{"@type":"CommentAction","name":"Comment","target":["https:\/\/www.akustikforschung.de\/en\/unternehmen\/veroffentlichungen\/oma-operational-modal-analysis-an-strasen\/#respond"]}]},{"@type":"WebPage","@id":"https:\/\/www.akustikforschung.de\/en\/unternehmen\/veroffentlichungen\/oma-operational-modal-analysis-an-strasen\/","url":"https:\/\/www.akustikforschung.de\/en\/unternehmen\/veroffentlichungen\/oma-operational-modal-analysis-an-strasen\/","name":"OMA - Operational Modal Analysis an Stra\u00dfen, Modalanalyse","isPartOf":{"@id":"https:\/\/www.akustikforschung.de\/#website"},"datePublished":"2015-08-01T16:35:22+00:00","dateModified":"2017-01-12T10:28:36+00:00","author":{"@id":"https:\/\/www.akustikforschung.de\/#\/schema\/person\/7e29605eb1dbc973ce95e26bf68a3221"},"description":"OMA - Operational Modal Analysis an Stra\u00dfen, Modalanalyse, K\u00f6rperschalld\u00e4mpfung.","breadcrumb":{"@id":"https:\/\/www.akustikforschung.de\/en\/unternehmen\/veroffentlichungen\/oma-operational-modal-analysis-an-strasen\/#breadcrumb"},"inLanguage":"en-US","potentialAction":[{"@type":"ReadAction","target":["https:\/\/www.akustikforschung.de\/en\/unternehmen\/veroffentlichungen\/oma-operational-modal-analysis-an-strasen\/"]}]},{"@type":"BreadcrumbList","@id":"https:\/\/www.akustikforschung.de\/en\/unternehmen\/veroffentlichungen\/oma-operational-modal-analysis-an-strasen\/#breadcrumb","itemListElement":[{"@type":"ListItem","position":1,"name":"Home","item":"https:\/\/www.akustikforschung.de\/"},{"@type":"ListItem","position":2,"name":"OMA &#8211; Operational Modal Analysis an Stra\u00dfen"}]},{"@type":"WebSite","@id":"https:\/\/www.akustikforschung.de\/#website","url":"https:\/\/www.akustikforschung.de\/","name":"Gesellschaft f\u00fcr Akustikforschung Dresden mbH","description":"Research &amp; Development - Test - Consultancy","potentialAction":[{"@type":"SearchAction","target":{"@type":"EntryPoint","urlTemplate":"https:\/\/www.akustikforschung.de\/?s={search_term_string}"},"query-input":{"@type":"PropertyValueSpecification","valueRequired":true,"valueName":"search_term_string"}}],"inLanguage":"en-US"},{"@type":"Person","@id":"https:\/\/www.akustikforschung.de\/#\/schema\/person\/7e29605eb1dbc973ce95e26bf68a3221","name":"schulze","image":{"@type":"ImageObject","inLanguage":"en-US","@id":"https:\/\/www.akustikforschung.de\/#\/schema\/person\/image\/","url":"https:\/\/secure.gravatar.com\/avatar\/bdd409e9d04a05bcbb3fe62300803322c5369903065b31760230384d19fc5b3d?s=96&d=mm&r=g","contentUrl":"https:\/\/secure.gravatar.com\/avatar\/bdd409e9d04a05bcbb3fe62300803322c5369903065b31760230384d19fc5b3d?s=96&d=mm&r=g","caption":"schulze"},"url":"https:\/\/www.akustikforschung.de\/en\/author\/schulze\/"}]}},"_links":{"self":[{"href":"https:\/\/www.akustikforschung.de\/en\/wp-json\/wp\/v2\/posts\/9440","targetHints":{"allow":["GET"]}}],"collection":[{"href":"https:\/\/www.akustikforschung.de\/en\/wp-json\/wp\/v2\/posts"}],"about":[{"href":"https:\/\/www.akustikforschung.de\/en\/wp-json\/wp\/v2\/types\/post"}],"author":[{"embeddable":true,"href":"https:\/\/www.akustikforschung.de\/en\/wp-json\/wp\/v2\/users\/2"}],"replies":[{"embeddable":true,"href":"https:\/\/www.akustikforschung.de\/en\/wp-json\/wp\/v2\/comments?post=9440"}],"version-history":[{"count":0,"href":"https:\/\/www.akustikforschung.de\/en\/wp-json\/wp\/v2\/posts\/9440\/revisions"}],"wp:attachment":[{"href":"https:\/\/www.akustikforschung.de\/en\/wp-json\/wp\/v2\/media?parent=9440"}],"wp:term":[{"taxonomy":"category","embeddable":true,"href":"https:\/\/www.akustikforschung.de\/en\/wp-json\/wp\/v2\/categories?post=9440"},{"taxonomy":"post_tag","embeddable":true,"href":"https:\/\/www.akustikforschung.de\/en\/wp-json\/wp\/v2\/tags?post=9440"}],"curies":[{"name":"wp","href":"https:\/\/api.w.org\/{rel}","templated":true}]}}